{"id":11139,"date":"2021-07-05T10:39:20","date_gmt":"2021-07-05T08:39:20","guid":{"rendered":"https:\/\/www.lksnext.com\/es\/?post_type=noticias_boletin&#038;p=11139"},"modified":"2021-07-05T10:39:20","modified_gmt":"2021-07-05T08:39:20","slug":"la-comision-europea-aprueba-una-guia-para-considerar-aspectos-sociales-en-las-contrataciones-publicas","status":"publish","type":"noticias_boletin","link":"https:\/\/www.lksnext.com\/es\/noticias_boletin\/la-comision-europea-aprueba-una-guia-para-considerar-aspectos-sociales-en-las-contrataciones-publicas\/","title":{"rendered":"La comisi\u00f3n europea aprueba una gu\u00eda para considerar aspectos sociales en las contrataciones p\u00fablicas"},"content":{"rendered":"<p>La contrataci\u00f3n p\u00fablica socialmente responsable (CPSR) consiste en lograr resultados sociales positivos en los contratos p\u00fablicos. La contrataci\u00f3n p\u00fablica tiene repercusiones para una gran cantidad de personas: los usuarios de los servicios p\u00fablicos, las personas involucradas en la producci\u00f3n y la entrega, o el personal de la organizaci\u00f3n compradora. M\u00e1s all\u00e1 de las personas directamente afectadas, la CPSR puede influir en el mercado en general, tanto desde el punto de vista de la demanda como de la oferta.<\/p>\n<p>En este sentido, la gu\u00eda se elabora pensando en los compradores p\u00fablicos, pero tambi\u00e9n con la esperanza de que sirva de inspiraci\u00f3n a otros agentes implicados en las contrataciones, ya sean proveedores de bienes o servicios, compradores privados, agentes de la econom\u00eda social como empresas sociales u organizaciones no gubernamentales (ONG).<\/p>\n<p>Sus cap\u00edtulos abordan todos los aspectos del proceso de contrataci\u00f3n, m\u00e1s all\u00e1 del propio procedimiento de licitaci\u00f3n. Exponen en detalle c\u00f3mo pueden considerarse aspectos sociales a lo largo de todo el proceso y proporcionan numerosos ejemplos de pr\u00e1cticas reales de compradores p\u00fablicos de toda la UE. En los cap\u00edtulos 2 a 5, la mayor\u00eda de las secciones van seguidas de una lista de buenas pr\u00e1cticas cuyo objetivo es facilitar la compresi\u00f3n del texto. A tal fin, resumen en t\u00e9rminos concretos las principales cuestiones tratadas en cada secci\u00f3n y explican qu\u00e9 pueden hacer los compradores p\u00fablicos en la pr\u00e1ctica si quieren plantear el proceso de contrataci\u00f3n de forma socialmente responsable.<\/p>\n","protected":false},"excerpt":{"rendered":"<ul>\n<li>Datos de recaudaci\u00f3n<\/li>\n<li>Acuerdo internacional sobre fiscalidad digital<\/li>\n<li>Hacienda ultima el reglamento del IRPF para adaptar las subidas y las reducciones de planes de pensiones<\/li>\n<li>Administraci\u00f3n Digital Integral (ADI)<\/li>\n<li>Ventas en Gipuzkoa<\/li>\n<li>Medidas en torno al alquiler<\/li>\n<li>Reforma fiscal en torno al autom\u00f3vil<\/li>\n<li>Proyecto de Ley Org\u00e1nica de Protecci\u00f3n de Datos Personales tratados para fines de prevenci\u00f3n, detecci\u00f3n, investigaci\u00f3n y enjuiciamiento de infracciones penales y de ejecuci\u00f3n de sanciones penales<\/li>\n<li>Propuesta de reforma para la Ley Concursal<\/li>\n<li>El Gobierno Central ultima medidas de solvencia y plantea que parte de su coste lo asuma la banca<\/li>\n<li>El Gobierno reformar\u00e1 el marco legal para poder aumentar las ayudas directas a aut\u00f3nomos y empresas<\/li>\n<li>Creaci\u00f3n de una aplicaci\u00f3n para el c\u00e1lculo de los plazos de duraci\u00f3n de un expediente de contrataci\u00f3n administrativa hasta su formalizaci\u00f3n<\/li>\n<li>El Gobierno Vasco impulsa el programa Azpitek para actualizar el equipamiento cient\u00edfico-t\u00e9cnico de las empresas vascas<\/li>\n<li>La ley \u201cRider\u201d dar\u00e1 tres meses a las empresas para dar de alta a sus trabajadores<\/li>\n<li>El incremento salarial medio pactado en convenio comienza el a\u00f1o con un 1,44%<\/li>\n<li>Se aprueba un proyecto de reglamento que permitir\u00eda, utilizar algoritmos a la Inspecci\u00f3n de Trabajo y la Seguridad Social para la detecci\u00f3n del fraude<\/li>\n<li>El desempleo sube en 76.216 personas en enero<\/li>\n<li>El Gobierno negocia la implantaci\u00f3n un proyecto piloto para la jornada laboral de 4 d\u00edas<\/li>\n<li>Enero finaliza con 739.000 trabajadores en ERTE, 35.000 m\u00e1s que en diciembre<\/li>\n<li>Los registradores quieren proteger las grabaciones de audio y video de las Juntas telem\u00e1ticas<\/li>\n<li>Crear una sociedad con solo un Euro de capital social<\/li>\n<\/ul>\n","protected":false},"featured_media":0,"template":"","tipo_articulo":[3191],"ambito_geografico":[],"boletin":[4263],"class_list":["post-11139","noticias_boletin","type-noticias_boletin","status-publish","hentry","tipo_articulo-se-dice-que","boletin-junio-2021"],"acf":[],"_links":{"self":[{"href":"https:\/\/www.lksnext.com\/es\/wp-json\/wp\/v2\/noticias_boletin\/11139","targetHints":{"allow":["GET"]}}],"collection":[{"href":"https:\/\/www.lksnext.com\/es\/wp-json\/wp\/v2\/noticias_boletin"}],"about":[{"href":"https:\/\/www.lksnext.com\/es\/wp-json\/wp\/v2\/types\/noticias_boletin"}],"wp:attachment":[{"href":"https:\/\/www.lksnext.com\/es\/wp-json\/wp\/v2\/media?parent=11139"}],"wp:term":[{"taxonomy":"tipo_articulo","embeddable":true,"href":"https:\/\/www.lksnext.com\/es\/wp-json\/wp\/v2\/tipo_articulo?post=11139"},{"taxonomy":"ambito_geografico","embeddable":true,"href":"https:\/\/www.lksnext.com\/es\/wp-json\/wp\/v2\/ambito_geografico?post=11139"},{"taxonomy":"boletin","embeddable":true,"href":"https:\/\/www.lksnext.com\/es\/wp-json\/wp\/v2\/boletin?post=11139"}],"curies":[{"name":"wp","href":"https:\/\/api.w.org\/{rel}","templated":true}]}}