{"id":11945,"date":"2021-09-03T09:51:26","date_gmt":"2021-09-03T07:51:26","guid":{"rendered":"https:\/\/www.lksnext.com\/es\/?post_type=noticias_boletin&#038;p=11945"},"modified":"2021-09-03T09:51:26","modified_gmt":"2021-09-03T07:51:26","slug":"materia-laboral-estado-agosto-2021","status":"publish","type":"noticias_boletin","link":"https:\/\/www.lksnext.com\/es\/noticias_boletin\/materia-laboral-estado-agosto-2021\/","title":{"rendered":"MATERIA LABORAL ESTADO AGOSTO 2021"},"content":{"rendered":"<h2><strong>RESTRICCI\u00d3N TEMPORAL DE VIAJES NO IMPRESCINDIBLES A LA UE<\/strong><\/h2>\n<p><strong>B.O.E.: <\/strong>31.08.2021<br \/>\n<strong>Entrada en vigor:<\/strong> 31.08.2021<br \/>\n<strong>Efectos: <\/strong>31.08.2021 &#8211; 30.09.2021<\/p>\n<p><strong><a class=\"boton naranja\" href=\"https:\/\/www.boe.es\/boe\/dias\/2021\/08\/31\/pdfs\/BOE-A-2021-14298.pdf\" target=\"_blank\" rel=\"noopener noreferrer\">Bolet\u00edn oficial<\/a><\/strong><\/p>\n<hr \/>\n<h2><strong>ACUERDO DE CONVALIDACI\u00d3N MEDIDAS URGENTES PARA LA REDUCCI\u00d3N DE TEMPORALIDAD EN EL EMPLEO P\u00daBLICO<\/strong><\/h2>\n<p><strong>B.O.E.: <\/strong>28.07.2021<br \/>\n<strong>Entrada en vigor:<\/strong> 28.07.2021<br \/>\n<strong>Efectos: <\/strong>28.07.2021<\/p>\n<p><strong><a class=\"boton naranja\" href=\"https:\/\/www.boe.es\/boe\/dias\/2021\/07\/28\/pdfs\/BOE-A-2021-12605.pdf\" target=\"_blank\" rel=\"noopener noreferrer\">Bolet\u00edn oficial<\/a><\/strong><\/p>\n<hr \/>\n<h2><strong>CONDICIONES DE CUARENTENA DE PERSONAS PROCEDENTES DE PA\u00cdSES DE ALTO RIESGO<\/strong><\/h2>\n<p><strong>B.O.E: <\/strong>31.07.2021<br \/>\n<strong>Efectos:<\/strong> 03.08.2021<br \/>\n<strong>Entrada en vigor:<\/strong> 03.08.2021<\/p>\n<p>Regulaci\u00f3n y efectos en el \u00e1mbito laboral:<\/p>\n<p>Se establece la obligaci\u00f3n de realizar una cuarentena a la entrada en Espa\u00f1a, de vuelos procedentes de: Colombia, Argentina, Bolivia, Brasil, Sud\u00e1frica y Namibia<\/p>\n<p><strong><a class=\"boton naranja\" href=\"https:\/\/www.boe.es\/boe\/dias\/2021\/07\/31\/pdfs\/BOE-A-2021-12949.pdf\" target=\"_blank\" rel=\"noopener noreferrer\">Bolet\u00edn oficial<\/a><\/strong><\/p>\n<hr \/>\n<h2><strong>CONVENIO COLECTIVO ESTATAL DE PASTAS, PAPEL Y CART\u00d3N <\/strong><\/h2>\n<p><strong>B.O.E: <\/strong>29.07.2021<br \/>\n<strong>Entrada en vigor: <\/strong>01.01.2021<br \/>\n<strong>Efectos: <\/strong>01.01.2021 &#8211; 31.12.2022<\/p>\n<p><strong><a class=\"boton naranja\" href=\"https:\/\/www.boe.es\/boe\/dias\/2021\/07\/29\/pdfs\/BOE-A-2021-12793.pdf\" target=\"_blank\" rel=\"noopener noreferrer\">Bolet\u00edn oficial<\/a><\/strong><\/p>\n<hr \/>\n<h2><strong>INCREMENTO SALARIAL DEL VI CONVENIO COLECTIVO DE EMPRESAS DE ENSE\u00d1ANZA PRIVADA SOSTENIDAS TOTAL O PARCIALMENTE CON FONDOS P\u00daBLICOS<\/strong><\/h2>\n<p><strong>B.O.E: <\/strong>29.07.2021<br \/>\n<strong>Entrada en vigor: <\/strong>01.01.2021<br \/>\n<strong>Efectos: <\/strong>01.01.2021 &#8211; 31.12.2021<\/p>\n<p><strong><a class=\"boton naranja\" href=\"https:\/\/www.boe.es\/boe\/dias\/2021\/07\/29\/pdfs\/BOE-A-2021-12783.pdf\" target=\"_blank\" rel=\"noopener noreferrer\">Bolet\u00edn oficial<\/a><\/strong><\/p>\n<hr \/>\n<h2><strong>REFORMA DEL REGLAMENTO DE PROCEDIMIENTOS PARA LA IMPOSICI\u00d3N DE SANCIONES POR INFRACCIONES DE ORDEN SOCIAL<\/strong><\/h2>\n<p><strong>B.O.E: <\/strong>05.08.2021<br \/>\n<strong>Entrada en vigor: <\/strong>01.01.2022<br \/>\n<strong>Efectos: <\/strong>01.01.2022<\/p>\n<p><strong><a class=\"boton naranja\" href=\"https:\/\/www.boe.es\/boe\/dias\/2021\/08\/05\/pdfs\/BOE-A-2021-13382.pdf\" target=\"_blank\" rel=\"noopener noreferrer\">Bolet\u00edn oficial<\/a><\/strong><\/p>\n<hr \/>\n<h2><strong>PR\u00d3RROGA CONDICIONES DE CUARENTENA DE PERSONAS PROCEDENTES DE PA\u00cdSES DE ALTO RIESGO<\/strong><\/h2>\n<p><strong>B.O.E: <\/strong>07.08.2021<br \/>\n<strong>Entrada en vigor: <\/strong>10.08.2021<br \/>\n<strong>Efectos: <\/strong>10.08.2021-23.08.2021<\/p>\n<p><strong> <a class=\"boton naranja\" href=\"https:\/\/www.boe.es\/boe\/dias\/2021\/08\/07\/pdfs\/BOE-A-2021-13583.pdf\" target=\"_blank\" rel=\"noopener noreferrer\">Bolet\u00edn oficial<\/a><\/strong><\/p>\n","protected":false},"excerpt":{"rendered":"<p>RESTRICCI\u00d3N TEMPORAL DE VIAJES NO IMPRESCINDIBLES A LA UE B.O.E.: 31.08.2021 Entrada en vigor: 31.08.2021 Efectos: 31.08.2021 &#8211; 30.09.2021 Bolet\u00edn oficial ACUERDO DE CONVALIDACI\u00d3N MEDIDAS URGENTES PARA LA REDUCCI\u00d3N DE TEMPORALIDAD EN EL EMPLEO P\u00daBLICO B.O.E.: 28.07.2021 Entrada en vigor: 28.07.2021 Efectos: 28.07.2021 Bolet\u00edn oficial CONDICIONES DE CUARENTENA DE PERSONAS PROCEDENTES DE PA\u00cdSES DE ALTO [&hellip;]<\/p>\n","protected":false},"featured_media":0,"template":"","tipo_articulo":[3188],"ambito_geografico":[3194],"boletin":[4273],"class_list":["post-11945","noticias_boletin","type-noticias_boletin","status-publish","hentry","tipo_articulo-materia-laboral","ambito_geografico-estado","boletin-agosto-2021"],"acf":[],"_links":{"self":[{"href":"https:\/\/www.lksnext.com\/es\/wp-json\/wp\/v2\/noticias_boletin\/11945","targetHints":{"allow":["GET"]}}],"collection":[{"href":"https:\/\/www.lksnext.com\/es\/wp-json\/wp\/v2\/noticias_boletin"}],"about":[{"href":"https:\/\/www.lksnext.com\/es\/wp-json\/wp\/v2\/types\/noticias_boletin"}],"wp:attachment":[{"href":"https:\/\/www.lksnext.com\/es\/wp-json\/wp\/v2\/media?parent=11945"}],"wp:term":[{"taxonomy":"tipo_articulo","embeddable":true,"href":"https:\/\/www.lksnext.com\/es\/wp-json\/wp\/v2\/tipo_articulo?post=11945"},{"taxonomy":"ambito_geografico","embeddable":true,"href":"https:\/\/www.lksnext.com\/es\/wp-json\/wp\/v2\/ambito_geografico?post=11945"},{"taxonomy":"boletin","embeddable":true,"href":"https:\/\/www.lksnext.com\/es\/wp-json\/wp\/v2\/boletin?post=11945"}],"curies":[{"name":"wp","href":"https:\/\/api.w.org\/{rel}","templated":true}]}}