{"id":11946,"date":"2021-09-03T09:51:26","date_gmt":"2021-09-03T07:51:26","guid":{"rendered":"https:\/\/www.lksnext.com\/es\/?post_type=noticias_boletin&#038;p=11946"},"modified":"2021-09-03T09:51:26","modified_gmt":"2021-09-03T07:51:26","slug":"materia-laboral-pais-vasco-agosto-2021","status":"publish","type":"noticias_boletin","link":"https:\/\/www.lksnext.com\/es\/noticias_boletin\/materia-laboral-pais-vasco-agosto-2021\/","title":{"rendered":"MATERIA LABORAL PAIS VASCO AGOSTO 2021"},"content":{"rendered":"<h2><strong>REGLAMENTO DE ORGANIZACI\u00d3N Y FUNCIONAMIENTO DEL REGISTRO DE ASOCIACIONES PROFESIONALES DE PERSONAS TRABAJADORAS AUT\u00d3NOMAS DE EUSKADI<\/strong><\/h2>\n<p><strong>B.O.P.V: <\/strong>29.07.2021<br \/>\n<strong>Entrada en vigor: <\/strong>29.07.2021<br \/>\n<strong>Efectos: <\/strong>29.07.2021<\/p>\n<p><strong> <strong style=\"color: #666666; font-size: 14px;\"><a class=\"boton naranja\" href=\"https:\/\/www.euskadi.eus\/y22-bopv\/es\/bopv2\/datos\/2021\/07\/2104214a.pdf\" target=\"_blank\" rel=\"noopener noreferrer\">Bolet\u00edn oficial<\/a><\/strong><\/strong><\/p>\n<hr \/>\n<h2><strong>CONVOCATORIA DE AYUDAS PARA LAS PERSONAS TRABAJADORAS AFECTADAS POR ERTE DERIVADOS DEL COVID-19<\/strong><\/h2>\n<p><strong>B.O.P.V: <\/strong>29.07.2021<br \/>\n<strong>Entrada en vigor: <\/strong>30.07.2021<br \/>\n<strong>Efectos: <\/strong>30.07.2021<\/p>\n<p><strong> <strong style=\"color: #666666; font-size: 14px;\"><a class=\"boton naranja\" href=\"https:\/\/www.euskadi.eus\/y22-bopv\/es\/bopv2\/datos\/2021\/07\/2104224a.pdf\" target=\"_blank\" rel=\"noopener noreferrer\">Bolet\u00edn oficial<\/a><\/strong><\/strong><\/p>\n<hr \/>\n<h2><strong>AYUDAS ECON\u00d3MICAS PARA LA REALIZACI\u00d3N DE ACCIONES FORMATIVAS POR EMPRESAS DE LA CAPV<\/strong><\/h2>\n<p><strong>B.O.P.V: <\/strong>29.07.2021<br \/>\n<strong>Entrada en vigor: <\/strong>30.07.2021<br \/>\n<strong>Efectos: <\/strong>30.07.2021<\/p>\n<p><strong style=\"color: #666666; font-size: 14px;\"><a class=\"boton naranja\" href=\"https:\/\/www.euskadi.eus\/y22-bopv\/es\/bopv2\/datos\/2021\/07\/2104223a.pdf\" target=\"_blank\" rel=\"noopener noreferrer\">Bolet\u00edn oficial<\/a><\/strong><\/p>\n","protected":false},"excerpt":{"rendered":"<p>REGLAMENTO DE ORGANIZACI\u00d3N Y FUNCIONAMIENTO DEL REGISTRO DE ASOCIACIONES PROFESIONALES DE PERSONAS TRABAJADORAS AUT\u00d3NOMAS DE EUSKADI B.O.P.V: 29.07.2021 Entrada en vigor: 29.07.2021 Efectos: 29.07.2021 Bolet\u00edn oficial CONVOCATORIA DE AYUDAS PARA LAS PERSONAS TRABAJADORAS AFECTADAS POR ERTE DERIVADOS DEL COVID-19 B.O.P.V: 29.07.2021 Entrada en vigor: 30.07.2021 Efectos: 30.07.2021 Bolet\u00edn oficial AYUDAS ECON\u00d3MICAS PARA LA REALIZACI\u00d3N DE [&hellip;]<\/p>\n","protected":false},"featured_media":0,"template":"","tipo_articulo":[3188],"ambito_geografico":[3198],"boletin":[4273],"class_list":["post-11946","noticias_boletin","type-noticias_boletin","status-publish","hentry","tipo_articulo-materia-laboral","ambito_geografico-pais-vasco","boletin-agosto-2021"],"acf":[],"_links":{"self":[{"href":"https:\/\/www.lksnext.com\/es\/wp-json\/wp\/v2\/noticias_boletin\/11946","targetHints":{"allow":["GET"]}}],"collection":[{"href":"https:\/\/www.lksnext.com\/es\/wp-json\/wp\/v2\/noticias_boletin"}],"about":[{"href":"https:\/\/www.lksnext.com\/es\/wp-json\/wp\/v2\/types\/noticias_boletin"}],"wp:attachment":[{"href":"https:\/\/www.lksnext.com\/es\/wp-json\/wp\/v2\/media?parent=11946"}],"wp:term":[{"taxonomy":"tipo_articulo","embeddable":true,"href":"https:\/\/www.lksnext.com\/es\/wp-json\/wp\/v2\/tipo_articulo?post=11946"},{"taxonomy":"ambito_geografico","embeddable":true,"href":"https:\/\/www.lksnext.com\/es\/wp-json\/wp\/v2\/ambito_geografico?post=11946"},{"taxonomy":"boletin","embeddable":true,"href":"https:\/\/www.lksnext.com\/es\/wp-json\/wp\/v2\/boletin?post=11946"}],"curies":[{"name":"wp","href":"https:\/\/api.w.org\/{rel}","templated":true}]}}