{"id":13687,"date":"2021-11-04T09:47:59","date_gmt":"2021-11-04T08:47:59","guid":{"rendered":"https:\/\/www.lksnext.com\/es\/?post_type=noticias_boletin&#038;p=13687"},"modified":"2021-11-04T09:49:19","modified_gmt":"2021-11-04T08:49:19","slug":"la-cnmc-publica-una-guia-con-recomendaciones-a-los-poderes-publicos-para-una-intervencion-favorecedora-de-la-competencia","status":"publish","type":"noticias_boletin","link":"https:\/\/www.lksnext.com\/es\/noticias_boletin\/la-cnmc-publica-una-guia-con-recomendaciones-a-los-poderes-publicos-para-una-intervencion-favorecedora-de-la-competencia\/","title":{"rendered":"La CNMC publica una gu\u00eda con recomendaciones a los poderes p\u00fablicos para una intervenci\u00f3n favorecedora de la competencia"},"content":{"rendered":"<p>En el contexto de la crisis generado por el Covid-19 la Comisi\u00f3n Nacional de los Mercados y la Competencia (CNMC) aboga por una pol\u00edtica de competencia como medida de intervenci\u00f3n p\u00fablica necesaria para favorecer una recuperaci\u00f3n econ\u00f3mica duradera. Procurar mayores niveles de competencia en los mercados donde sea posible aporta importantes beneficios para el conjunto de la sociedad. Asimismo defiende la competencia como un principio clave para el logro de los objetivos de la doble transici\u00f3n, ecol\u00f3gica y digital, que crear\u00e1n una econom\u00eda m\u00e1s fuerte en el futuro. En un entorno de competencia, las empresas tienen mayores incentivos y oportunidades para ser m\u00e1s verdes y m\u00e1s digitales para atraer a los consumidores y para mejorar su propia competitividad.<\/p>\n<p>Con el objetivo de promover una competencia efectiva en los mercados que ayude a una recuperaci\u00f3n econ\u00f3mica s\u00f3lida, inclusiva y sostenible, la CNMC pone a disposici\u00f3n de todos los poderes p\u00fablicos tres conjuntos de recomendaciones (dec\u00e1logos) sobre las \u00e1reas donde la intervenci\u00f3n p\u00fablica puede tener un mayor impacto en la competencia: la regulaci\u00f3n de los mercados, las ayudas p\u00fablicas y la contrataci\u00f3n p\u00fablica.<\/p>\n","protected":false},"excerpt":{"rendered":"<ul>\n<li>Datos de recaudaci\u00f3n<\/li>\n<li>Acuerdo internacional sobre fiscalidad digital<\/li>\n<li>Hacienda ultima el reglamento del IRPF para adaptar las subidas y las reducciones de planes de pensiones<\/li>\n<li>Administraci\u00f3n Digital Integral (ADI)<\/li>\n<li>Ventas en Gipuzkoa<\/li>\n<li>Medidas en torno al alquiler<\/li>\n<li>Reforma fiscal en torno al autom\u00f3vil<\/li>\n<li>Proyecto de Ley Org\u00e1nica de Protecci\u00f3n de Datos Personales tratados para fines de prevenci\u00f3n, detecci\u00f3n, investigaci\u00f3n y enjuiciamiento de infracciones penales y de ejecuci\u00f3n de sanciones penales<\/li>\n<li>Propuesta de reforma para la Ley Concursal<\/li>\n<li>El Gobierno Central ultima medidas de solvencia y plantea que parte de su coste lo asuma la banca<\/li>\n<li>El Gobierno reformar\u00e1 el marco legal para poder aumentar las ayudas directas a aut\u00f3nomos y empresas<\/li>\n<li>Creaci\u00f3n de una aplicaci\u00f3n para el c\u00e1lculo de los plazos de duraci\u00f3n de un expediente de contrataci\u00f3n administrativa hasta su formalizaci\u00f3n<\/li>\n<li>El Gobierno Vasco impulsa el programa Azpitek para actualizar el equipamiento cient\u00edfico-t\u00e9cnico de las empresas vascas<\/li>\n<li>La ley \u201cRider\u201d dar\u00e1 tres meses a las empresas para dar de alta a sus trabajadores<\/li>\n<li>El incremento salarial medio pactado en convenio comienza el a\u00f1o con un 1,44%<\/li>\n<li>Se aprueba un proyecto de reglamento que permitir\u00eda, utilizar algoritmos a la Inspecci\u00f3n de Trabajo y la Seguridad Social para la detecci\u00f3n del fraude<\/li>\n<li>El desempleo sube en 76.216 personas en enero<\/li>\n<li>El Gobierno negocia la implantaci\u00f3n un proyecto piloto para la jornada laboral de 4 d\u00edas<\/li>\n<li>Enero finaliza con 739.000 trabajadores en ERTE, 35.000 m\u00e1s que en diciembre<\/li>\n<li>Los registradores quieren proteger las grabaciones de audio y video de las Juntas telem\u00e1ticas<\/li>\n<li>Crear una sociedad con solo un Euro de capital social<\/li>\n<\/ul>\n","protected":false},"featured_media":0,"template":"","tipo_articulo":[3191],"ambito_geografico":[],"boletin":[4290],"class_list":["post-13687","noticias_boletin","type-noticias_boletin","status-publish","hentry","tipo_articulo-se-dice-que","boletin-octubre-2021"],"acf":[],"_links":{"self":[{"href":"https:\/\/www.lksnext.com\/es\/wp-json\/wp\/v2\/noticias_boletin\/13687","targetHints":{"allow":["GET"]}}],"collection":[{"href":"https:\/\/www.lksnext.com\/es\/wp-json\/wp\/v2\/noticias_boletin"}],"about":[{"href":"https:\/\/www.lksnext.com\/es\/wp-json\/wp\/v2\/types\/noticias_boletin"}],"wp:attachment":[{"href":"https:\/\/www.lksnext.com\/es\/wp-json\/wp\/v2\/media?parent=13687"}],"wp:term":[{"taxonomy":"tipo_articulo","embeddable":true,"href":"https:\/\/www.lksnext.com\/es\/wp-json\/wp\/v2\/tipo_articulo?post=13687"},{"taxonomy":"ambito_geografico","embeddable":true,"href":"https:\/\/www.lksnext.com\/es\/wp-json\/wp\/v2\/ambito_geografico?post=13687"},{"taxonomy":"boletin","embeddable":true,"href":"https:\/\/www.lksnext.com\/es\/wp-json\/wp\/v2\/boletin?post=13687"}],"curies":[{"name":"wp","href":"https:\/\/api.w.org\/{rel}","templated":true}]}}