{"id":16907,"date":"2022-06-01T18:53:13","date_gmt":"2022-06-01T16:53:13","guid":{"rendered":"https:\/\/www.lksnext.com\/es\/?post_type=noticias_boletin&#038;p=16907"},"modified":"2022-06-01T18:53:13","modified_gmt":"2022-06-01T16:53:13","slug":"perte-de-economia-social-y-de-los-cuidados","status":"publish","type":"noticias_boletin","link":"https:\/\/www.lksnext.com\/es\/noticias_boletin\/perte-de-economia-social-y-de-los-cuidados\/","title":{"rendered":"PERTE de Econom\u00eda Social y de los Cuidados"},"content":{"rendered":"<p>El Gobierno ha aprobado el Proyecto Estrat\u00e9gico de la Econom\u00eda Social y de los Cuidados, impulsando un modelo de econom\u00eda centrado en las personas y la profesionalizaci\u00f3n del sector de los cuidados sanitarios y la dependencia, en especial desde la perspectiva del envejecimiento y la lucha contra la despoblaci\u00f3n.<\/p>\n<p>Recordando que la Econom\u00eda Social supone el 10% del Producto Interior Bruto del pa\u00eds, y engloba m\u00e1s de 43.000 empresas y 2.200.000 personas, la iniciativa se colocar\u00e1 en el centro de la actuaci\u00f3n p\u00fablica con el objetivo de impulsar pol\u00edticas que permitan su extensi\u00f3n. El PERTE, enmarcado en el Plan de Recuperaci\u00f3n, Transformaci\u00f3n y Resiliencia, invertir\u00e1 m\u00e1s de 800 millones de euros hasta el 2026, con el fin de estimular una econom\u00eda inclusiva, centrada en las personas.<\/p>\n<p>El proyecto estrat\u00e9gico busca consolidar las alianzas entre los centros de investigaci\u00f3n, organizaciones, cooperativas y entidades que trabajan en la econom\u00eda social y de los cuidados; fortalecer las pol\u00edticas de igualdad; facilitar la conversi\u00f3n de compa\u00f1\u00edas en crisis o con falta de relevo generacional en empresas de econom\u00eda social, principalmente cooperativas de trabajo; as\u00ed como mejorar la competitividad de las pymes del sector.<\/p>\n","protected":false},"excerpt":{"rendered":"<p>El Gobierno ha aprobado el Proyecto Estrat\u00e9gico de la Econom\u00eda Social y de los Cuidados, impulsando un modelo de econom\u00eda centrado en las personas y la profesionalizaci\u00f3n del sector de los cuidados sanitarios y la dependencia, en especial desde la perspectiva del envejecimiento y la lucha contra la despoblaci\u00f3n. Recordando que la Econom\u00eda Social supone [&hellip;]<\/p>\n","protected":false},"featured_media":0,"template":"","tipo_articulo":[3191],"ambito_geografico":[],"boletin":[4355],"class_list":["post-16907","noticias_boletin","type-noticias_boletin","status-publish","hentry","tipo_articulo-se-dice-que","boletin-mayo-2022"],"acf":[],"_links":{"self":[{"href":"https:\/\/www.lksnext.com\/es\/wp-json\/wp\/v2\/noticias_boletin\/16907","targetHints":{"allow":["GET"]}}],"collection":[{"href":"https:\/\/www.lksnext.com\/es\/wp-json\/wp\/v2\/noticias_boletin"}],"about":[{"href":"https:\/\/www.lksnext.com\/es\/wp-json\/wp\/v2\/types\/noticias_boletin"}],"wp:attachment":[{"href":"https:\/\/www.lksnext.com\/es\/wp-json\/wp\/v2\/media?parent=16907"}],"wp:term":[{"taxonomy":"tipo_articulo","embeddable":true,"href":"https:\/\/www.lksnext.com\/es\/wp-json\/wp\/v2\/tipo_articulo?post=16907"},{"taxonomy":"ambito_geografico","embeddable":true,"href":"https:\/\/www.lksnext.com\/es\/wp-json\/wp\/v2\/ambito_geografico?post=16907"},{"taxonomy":"boletin","embeddable":true,"href":"https:\/\/www.lksnext.com\/es\/wp-json\/wp\/v2\/boletin?post=16907"}],"curies":[{"name":"wp","href":"https:\/\/api.w.org\/{rel}","templated":true}]}}