{"id":23798,"date":"2023-04-05T15:37:18","date_gmt":"2023-04-05T13:37:18","guid":{"rendered":"https:\/\/www.lksnext.com\/es\/?post_type=noticias_boletin&#038;p=23798"},"modified":"2023-04-05T15:37:18","modified_gmt":"2023-04-05T13:37:18","slug":"la-no-superacion-del-periodo-de-prueba-de-un-trabajador-en-situacion-de-incapacidad-temporal-puede-suponer-un-despido-nulo","status":"publish","type":"noticias_boletin","link":"https:\/\/www.lksnext.com\/es\/noticias_boletin\/la-no-superacion-del-periodo-de-prueba-de-un-trabajador-en-situacion-de-incapacidad-temporal-puede-suponer-un-despido-nulo\/","title":{"rendered":"La no superaci\u00f3n del periodo de prueba de un trabajador en situaci\u00f3n de incapacidad temporal puede suponer un despido nulo"},"content":{"rendered":"<p>Una reciente sentencia del Tribunal Superior de Justicia de Baleares de 24 de enero de 2023 ha calificado como nulo la comunicaci\u00f3n de no superaci\u00f3n del periodo de prueba de un trabajador en situaci\u00f3n de incapacidad temporal.<\/p>\n<p>En este caso, el Tribunal considera que de los hechos es suficiente para afirmar que, efectivamente, concurre un indicio de discriminaci\u00f3n. Especialmente porque \u00abni en la declaraci\u00f3n de hechos probados consta ni en el escrito de impugnaci\u00f3n al recurso se aduce raz\u00f3n alguna que permita entender que el cese por no superaci\u00f3n del per\u00edodo de prueba obedeci\u00f3 a otra raz\u00f3n que no fuera la propia situaci\u00f3n de incapacidad temporal por enfermedad comunicada\u00bb.<\/p>\n<p>En consecuencia, entiende el Tribunal que la empresa ha procedido al cese del trabajador exclusivamente por su situaci\u00f3n de incapacidad temporal, habi\u00e9ndole instado previamente a su reincorporaci\u00f3n, comport\u00f3 indiscutiblemente una actuaci\u00f3n negativa y perjudicial, reactiva al ejercicio de derechos constitucionales tan b\u00e1sicos como el de la salud (art. 43 CE) y el del acceso a las prestaciones de la Seguridad Social (art. 41 CE), lesiva del derecho fundamental a la integridad f\u00edsica consagrado en el art. 15 CE\u00bb.<\/p>\n","protected":false},"excerpt":{"rendered":"<p>Una reciente sentencia del Tribunal Superior de Justicia de Baleares de 24 de enero de 2023 ha calificado como nulo la comunicaci\u00f3n de no superaci\u00f3n del periodo de prueba de un trabajador en situaci\u00f3n de incapacidad temporal. En este caso, el Tribunal considera que de los hechos es suficiente para afirmar que, efectivamente, concurre un [&hellip;]<\/p>\n","protected":false},"featured_media":0,"template":"","tipo_articulo":[3190],"ambito_geografico":[],"boletin":[4395],"class_list":["post-23798","noticias_boletin","type-noticias_boletin","status-publish","hentry","tipo_articulo-noticias-de-interes","boletin-marzo-2023"],"acf":[],"_links":{"self":[{"href":"https:\/\/www.lksnext.com\/es\/wp-json\/wp\/v2\/noticias_boletin\/23798","targetHints":{"allow":["GET"]}}],"collection":[{"href":"https:\/\/www.lksnext.com\/es\/wp-json\/wp\/v2\/noticias_boletin"}],"about":[{"href":"https:\/\/www.lksnext.com\/es\/wp-json\/wp\/v2\/types\/noticias_boletin"}],"wp:attachment":[{"href":"https:\/\/www.lksnext.com\/es\/wp-json\/wp\/v2\/media?parent=23798"}],"wp:term":[{"taxonomy":"tipo_articulo","embeddable":true,"href":"https:\/\/www.lksnext.com\/es\/wp-json\/wp\/v2\/tipo_articulo?post=23798"},{"taxonomy":"ambito_geografico","embeddable":true,"href":"https:\/\/www.lksnext.com\/es\/wp-json\/wp\/v2\/ambito_geografico?post=23798"},{"taxonomy":"boletin","embeddable":true,"href":"https:\/\/www.lksnext.com\/es\/wp-json\/wp\/v2\/boletin?post=23798"}],"curies":[{"name":"wp","href":"https:\/\/api.w.org\/{rel}","templated":true}]}}