{"id":25356,"date":"2023-07-05T14:41:29","date_gmt":"2023-07-05T12:41:29","guid":{"rendered":"https:\/\/www.lksnext.com\/es\/?post_type=noticias_boletin&#038;p=25356"},"modified":"2023-07-05T14:41:29","modified_gmt":"2023-07-05T12:41:29","slug":"ayudas-para-el-ano-2023-del-programa-creacion-de-empresas-innovadoras","status":"publish","type":"noticias_boletin","link":"https:\/\/www.lksnext.com\/es\/noticias_boletin\/ayudas-para-el-ano-2023-del-programa-creacion-de-empresas-innovadoras\/","title":{"rendered":"Ayudas para el a\u00f1o 2023 del Programa creaci\u00f3n de empresas innovadoras"},"content":{"rendered":"<p><strong>B.O.B.<\/strong><strong>: <\/strong>09.06.2023<br \/>\n<strong>Entrada en vigor: <\/strong>10.06.2023<\/p>\n<h2><strong>Objeto<\/strong><\/h2>\n<p>Mediante este programa de subvenciones se pretenden alcanzar los objetivos establecidos en la base 1 del Decreto foral 159\/2022.<\/p>\n<h2><strong>Plazo de presentaci\u00f3n de solicitudes<\/strong><\/h2>\n<p>El plazo de presentaci\u00f3n de solicitudes ser\u00e1 desde las 8:30 horas del 14 de julio hasta las 13:30 horas del 15 de septiembre de 2023.<\/p>\n<p><a class=\"boton naranja\" href=\"https:\/\/www.bizkaia.eus\/lehendakaritza\/Bao_bob\/2023\/06\/09\/I-704_cas.pdf?hash=957ba7d18d892263e78d914f722dfc62\" target=\"_blank\" rel=\"noopener noreferrer\">Bolet\u00edn oficial<\/a><\/p>\n","protected":false},"excerpt":{"rendered":"<p>B.O.B.: 09.06.2023 Entrada en vigor: 10.06.2023 Objeto Mediante este programa de subvenciones se pretenden alcanzar los objetivos establecidos en la base 1 del Decreto foral 159\/2022. Plazo de presentaci\u00f3n de solicitudes El plazo de presentaci\u00f3n de solicitudes ser\u00e1 desde las 8:30 horas del 14 de julio hasta las 13:30 horas del 15 de septiembre de [&hellip;]<\/p>\n","protected":false},"featured_media":0,"template":"","tipo_articulo":[3182],"ambito_geografico":[3193],"boletin":[4398],"class_list":["post-25356","noticias_boletin","type-noticias_boletin","status-publish","hentry","tipo_articulo-ayudas","ambito_geografico-bizkaia","boletin-junio-2023"],"acf":[],"_links":{"self":[{"href":"https:\/\/www.lksnext.com\/es\/wp-json\/wp\/v2\/noticias_boletin\/25356","targetHints":{"allow":["GET"]}}],"collection":[{"href":"https:\/\/www.lksnext.com\/es\/wp-json\/wp\/v2\/noticias_boletin"}],"about":[{"href":"https:\/\/www.lksnext.com\/es\/wp-json\/wp\/v2\/types\/noticias_boletin"}],"wp:attachment":[{"href":"https:\/\/www.lksnext.com\/es\/wp-json\/wp\/v2\/media?parent=25356"}],"wp:term":[{"taxonomy":"tipo_articulo","embeddable":true,"href":"https:\/\/www.lksnext.com\/es\/wp-json\/wp\/v2\/tipo_articulo?post=25356"},{"taxonomy":"ambito_geografico","embeddable":true,"href":"https:\/\/www.lksnext.com\/es\/wp-json\/wp\/v2\/ambito_geografico?post=25356"},{"taxonomy":"boletin","embeddable":true,"href":"https:\/\/www.lksnext.com\/es\/wp-json\/wp\/v2\/boletin?post=25356"}],"curies":[{"name":"wp","href":"https:\/\/api.w.org\/{rel}","templated":true}]}}