{"id":25638,"date":"2023-07-27T12:17:02","date_gmt":"2023-07-27T10:17:02","guid":{"rendered":"https:\/\/www.lksnext.com\/es\/?post_type=noticias_boletin&#038;p=25638"},"modified":"2023-07-27T12:17:02","modified_gmt":"2023-07-27T10:17:02","slug":"la-aepd-aprueba-los-modelos-de-presentacion-de-reclamaciones","status":"publish","type":"noticias_boletin","link":"https:\/\/www.lksnext.com\/es\/noticias_boletin\/la-aepd-aprueba-los-modelos-de-presentacion-de-reclamaciones\/","title":{"rendered":"La AEPD aprueba los modelos de presentaci\u00f3n de reclamaciones"},"content":{"rendered":"<p>El pasado 29 de junio se public\u00f3 en el BOE la Resoluci\u00f3n de la Direcci\u00f3n de la Agencia Espa\u00f1ola de Protecci\u00f3n de Datos por la que se aprueban los modelos normalizados de presentaci\u00f3n de reclamaciones que se presenten ante la Agencia.<\/p>\n<p>La resoluci\u00f3n da a estos modelos el car\u00e1cter de \u201c<em>obligatorio para los interesados<\/em>\u201d, y establece como \u201c<em>preferente<\/em>\u201d la v\u00eda telem\u00e1tica ante la anal\u00f3gica.<\/p>\n<p>La Resoluci\u00f3n establece que, si la reclamaci\u00f3n no cumple los requisitos previstos en el modelo establecido, la misma no surtir\u00e1 efectos, comunic\u00e1ndole esta circunstancia al interesado, y, a su vez, requiri\u00e9ndole para que presente una nueva reclamaci\u00f3n, que se ajuste a los requisitos exigidos.<\/p>\n<p>La Resoluci\u00f3n establece 1 modelo general y 5 espec\u00edficos. El general debe ser utilizado \u00fanicamente para efectuar aquellas reclamaciones para las que no conste un modelo espec\u00edfico. Si se utiliza el modelo general para reclamar sobre tratamientos previstos en un modelo espec\u00edfico, no tendr\u00e1 efecto, y la Agencia seguir\u00e1 los pasos que han sido descritos en el p\u00e1rrafo anterior.<\/p>\n<p>Los modelos que se contienen en los Anexos de la Resoluci\u00f3n son los que siguen:<\/p>\n<ul>\n<li><strong>Anexo Primero<\/strong>. &#8211; Modelo General de Reclamaci\u00f3n.<\/li>\n<li><strong>Anexo Segundo.<\/strong> \u2013 Modelo espec\u00edfico de reclamaci\u00f3n por desatenci\u00f3n de solicitud de ejercicio de derechos: acceso, rectificaci\u00f3n, supresi\u00f3n (olvido), limitaci\u00f3n, portabilidad, oposici\u00f3n y decisiones automatizadas.<\/li>\n<li><strong>Anexo Tercero.<\/strong> \u2013 Modelo espec\u00edfico de reclamaci\u00f3n por la recepci\u00f3n de publicidad no deseada.<\/li>\n<li><strong>Anexo Cuarto.<\/strong> \u2013 Modelo espec\u00edfico de reclamaci\u00f3n por la instalaci\u00f3n de dispositivos de videovigilancia.<\/li>\n<li><strong>\u00a0<\/strong><strong>Anexo Quinto.<\/strong> \u2013 Modelo espec\u00edfico de reclamaci\u00f3n por determinados incumplimientos en el tratamiento de datos personales vinculados a deudas.<\/li>\n<li><strong>Anexo Sexto.<\/strong> \u2013 Modelo espec\u00edfico de reclamaci\u00f3n del canal prioritario, previsto, especialmente, para supuestos de difusi\u00f3n, a trav\u00e9s de internet, de datos (fotograf\u00edas, v\u00eddeos, audios) de car\u00e1cter sexual o que muestren actos de agresi\u00f3n, poniendo en alto riesgo derechos y libertades.<\/li>\n<li><strong>Anexo S\u00e9ptimo.<\/strong> \u2013 Modelo espec\u00edfico para reclamaci\u00f3n por violaci\u00f3n de la seguridad de los datos personales.<\/li>\n<\/ul>\n<p>&nbsp;<\/p>\n","protected":false},"excerpt":{"rendered":"<p>El pasado 29 de junio se public\u00f3 en el BOE la Resoluci\u00f3n de la Direcci\u00f3n de la Agencia Espa\u00f1ola de Protecci\u00f3n de Datos por la que se aprueban los modelos normalizados de presentaci\u00f3n de reclamaciones que se presenten ante la Agencia. La resoluci\u00f3n da a estos modelos el car\u00e1cter de \u201cobligatorio para los interesados\u201d, y [&hellip;]<\/p>\n","protected":false},"featured_media":0,"template":"","tipo_articulo":[3190],"ambito_geografico":[],"boletin":[4401],"class_list":["post-25638","noticias_boletin","type-noticias_boletin","status-publish","hentry","tipo_articulo-noticias-de-interes","boletin-julio-2023"],"acf":[],"_links":{"self":[{"href":"https:\/\/www.lksnext.com\/es\/wp-json\/wp\/v2\/noticias_boletin\/25638","targetHints":{"allow":["GET"]}}],"collection":[{"href":"https:\/\/www.lksnext.com\/es\/wp-json\/wp\/v2\/noticias_boletin"}],"about":[{"href":"https:\/\/www.lksnext.com\/es\/wp-json\/wp\/v2\/types\/noticias_boletin"}],"wp:attachment":[{"href":"https:\/\/www.lksnext.com\/es\/wp-json\/wp\/v2\/media?parent=25638"}],"wp:term":[{"taxonomy":"tipo_articulo","embeddable":true,"href":"https:\/\/www.lksnext.com\/es\/wp-json\/wp\/v2\/tipo_articulo?post=25638"},{"taxonomy":"ambito_geografico","embeddable":true,"href":"https:\/\/www.lksnext.com\/es\/wp-json\/wp\/v2\/ambito_geografico?post=25638"},{"taxonomy":"boletin","embeddable":true,"href":"https:\/\/www.lksnext.com\/es\/wp-json\/wp\/v2\/boletin?post=25638"}],"curies":[{"name":"wp","href":"https:\/\/api.w.org\/{rel}","templated":true}]}}