{"id":25934,"date":"2023-09-07T15:20:52","date_gmt":"2023-09-07T13:20:52","guid":{"rendered":"https:\/\/www.lksnext.com\/es\/?post_type=noticias_boletin&#038;p=25934"},"modified":"2023-09-07T15:20:52","modified_gmt":"2023-09-07T13:20:52","slug":"ayudas-para-emprender-en-economia-social-3","status":"publish","type":"noticias_boletin","link":"https:\/\/www.lksnext.com\/es\/noticias_boletin\/ayudas-para-emprender-en-economia-social-3\/","title":{"rendered":"Ayudas para emprender en econom\u00eda social"},"content":{"rendered":"<p><strong>B.O.P.V<\/strong><strong>: <\/strong>08.08.2023<br \/>\n<strong>Entrada en vigor: <\/strong>09.08.2023<\/p>\n<h2><strong>Objeto<\/strong><\/h2>\n<p>El objeto de la presente Orden es la aprobaci\u00f3n de las bases para la convocatoria de las ayudas que el Gobierno Vasco, a trav\u00e9s del Departamento de Trabajo y Empleo, otorgar\u00e1 para Emprender en Econom\u00eda Social, y su convocatoria para el a\u00f1o 2023. Las ayudas previstas en la presente Orden se distribuyen en 3 cap\u00edtulos diferenciados:<\/p>\n<ul>\n<li>Cap\u00edtulo II: Ayudas para crear un ecosistema que favorezca la creaci\u00f3n de empresas de econom\u00eda social.<\/li>\n<li>Cap\u00edtulo III: Ayudas para la constituci\u00f3n y promoci\u00f3n de empresas de econom\u00eda social.<\/li>\n<li>Cap\u00edtulo IV: Ayudas para la consolidaci\u00f3n de empresas de econom\u00eda social recientemente constituidas.<\/li>\n<\/ul>\n<h2><strong>Plazo de presentaci\u00f3n de solicitudes<\/strong><\/h2>\n<p>El plazo de presentaci\u00f3n de solicitudes finalizar\u00e1 el 30 de septiembre de 2023, incluido.<\/p>\n<p><a class=\"boton naranja\" href=\"https:\/\/www.euskadi.eus\/web01-bopv\/es\/bopv2\/datos\/2023\/08\/2303850a.pdf\" target=\"_blank\" rel=\"noopener noreferrer\">Bolet\u00edn oficial<\/a><\/p>\n","protected":false},"excerpt":{"rendered":"<p>B.O.P.V: 08.08.2023 Entrada en vigor: 09.08.2023 Objeto El objeto de la presente Orden es la aprobaci\u00f3n de las bases para la convocatoria de las ayudas que el Gobierno Vasco, a trav\u00e9s del Departamento de Trabajo y Empleo, otorgar\u00e1 para Emprender en Econom\u00eda Social, y su convocatoria para el a\u00f1o 2023. Las ayudas previstas en la [&hellip;]<\/p>\n","protected":false},"featured_media":0,"template":"","tipo_articulo":[3182],"ambito_geografico":[3198],"boletin":[4402],"class_list":["post-25934","noticias_boletin","type-noticias_boletin","status-publish","hentry","tipo_articulo-ayudas","ambito_geografico-pais-vasco","boletin-agosto-2023"],"acf":[],"_links":{"self":[{"href":"https:\/\/www.lksnext.com\/es\/wp-json\/wp\/v2\/noticias_boletin\/25934","targetHints":{"allow":["GET"]}}],"collection":[{"href":"https:\/\/www.lksnext.com\/es\/wp-json\/wp\/v2\/noticias_boletin"}],"about":[{"href":"https:\/\/www.lksnext.com\/es\/wp-json\/wp\/v2\/types\/noticias_boletin"}],"wp:attachment":[{"href":"https:\/\/www.lksnext.com\/es\/wp-json\/wp\/v2\/media?parent=25934"}],"wp:term":[{"taxonomy":"tipo_articulo","embeddable":true,"href":"https:\/\/www.lksnext.com\/es\/wp-json\/wp\/v2\/tipo_articulo?post=25934"},{"taxonomy":"ambito_geografico","embeddable":true,"href":"https:\/\/www.lksnext.com\/es\/wp-json\/wp\/v2\/ambito_geografico?post=25934"},{"taxonomy":"boletin","embeddable":true,"href":"https:\/\/www.lksnext.com\/es\/wp-json\/wp\/v2\/boletin?post=25934"}],"curies":[{"name":"wp","href":"https:\/\/api.w.org\/{rel}","templated":true}]}}