{"id":26822,"date":"2023-10-06T08:47:59","date_gmt":"2023-10-06T06:47:59","guid":{"rendered":"https:\/\/www.lksnext.com\/es\/?post_type=noticias_boletin&#038;p=26822"},"modified":"2023-10-06T08:47:59","modified_gmt":"2023-10-06T06:47:59","slug":"el-oarc-se-pronuncia-sobre-el-alcance-del-requisito-de-tener-registrado-el-plan-de-igualdad","status":"publish","type":"noticias_boletin","link":"https:\/\/www.lksnext.com\/es\/noticias_boletin\/el-oarc-se-pronuncia-sobre-el-alcance-del-requisito-de-tener-registrado-el-plan-de-igualdad\/","title":{"rendered":"El OARC se pronuncia sobre el alcance del requisito de tener registrado el plan de igualdad"},"content":{"rendered":"<p>Vinculado a la prohibici\u00f3n de contratar la resoluci\u00f3n 2023\/072 del \u00d3rgano Administrativo de Recursos Contractuales de la Comunidad Aut\u00f3noma de Euskadi concluye que la inscripci\u00f3n registral del Plan no es un requisito constitutivo del mismo, de tal manera que se pueda decir que sin dicha inscripci\u00f3n el Plan tiene una tacha de invalidez. Este alcance constitutivo de la inscripci\u00f3n no est\u00e1 expresamente recogido en la normativa aplicable, como cabr\u00eda esperar de un requisito tan esencial e inhabitual en los registros administrativos; por otro lado, del art. 9 del Real Decreto 901\/2020, que afirma que el periodo de vigencia o duraci\u00f3n de los planes se determinar\u00e1 por las partes negociadoras y no podr\u00e1 ser superior a cuatro a\u00f1os, se deduce que la validez del Plan es independiente de su inscripci\u00f3n (ver, por ejemplo, la Resoluci\u00f3n 1664\/2022, del Tribunal Administrativo Central de Recursos Contractuales).<\/p>\n<p>Asimismo, debe tenerse en cuenta que los Planes de Igualdad recogidos en la LO 3\/2007 no dejan de ser, en principio, un producto de la negociaci\u00f3n colectiva, igual que lo son los convenios colectivos a los que se refieren los arts. 82 a 92 del Estatuto de los Trabajadores (ET) (ver, por ejemplo, la sentencia del Tribunal Supremo de 26\/1\/2021, n\u00ba 95\/2021, ECLI:ES:TS:2021:350 y los apartados 1 y 2 del art. 85 del ET). Para dichos convenios se exige, como requisito formal cuyo incumplimiento se sanciona con la nulidad, la formalizaci\u00f3n por escrito (art. 90.1 del ET). Por el contrario, la presentaci\u00f3n del convenio ante la autoridad laboral dentro del plazo de quince d\u00edas a partir del momento en que las partes negociadoras lo firmen es \u201ca los solos efectos de registro\u201d (art. 90.2 del ET). De esta redacci\u00f3n se deduce que la inscripci\u00f3n es declarativa y que el convenio (y, por las mismas razones, el Plan de Igualdad, que generalmente es tambi\u00e9n un documento pactado) se perfecciona por el consentimiento de las partes, sin perjuicio de su posible impugnaci\u00f3n ante los \u00f3rganos del orden jurisdiccional social (art. 90, apartados 5 y 6, del ET).<\/p>\n","protected":false},"excerpt":{"rendered":"<p>Vinculado a la prohibici\u00f3n de contratar la resoluci\u00f3n 2023\/072 del \u00d3rgano Administrativo de Recursos Contractuales de la Comunidad Aut\u00f3noma de Euskadi concluye que la inscripci\u00f3n registral del Plan no es un requisito constitutivo del mismo, de tal manera que se pueda decir que sin dicha inscripci\u00f3n el Plan tiene una tacha de invalidez. Este alcance [&hellip;]<\/p>\n","protected":false},"featured_media":0,"template":"","tipo_articulo":[3190],"ambito_geografico":[],"boletin":[4403],"class_list":["post-26822","noticias_boletin","type-noticias_boletin","status-publish","hentry","tipo_articulo-noticias-de-interes","boletin-septiembre-2023"],"acf":[],"_links":{"self":[{"href":"https:\/\/www.lksnext.com\/es\/wp-json\/wp\/v2\/noticias_boletin\/26822","targetHints":{"allow":["GET"]}}],"collection":[{"href":"https:\/\/www.lksnext.com\/es\/wp-json\/wp\/v2\/noticias_boletin"}],"about":[{"href":"https:\/\/www.lksnext.com\/es\/wp-json\/wp\/v2\/types\/noticias_boletin"}],"wp:attachment":[{"href":"https:\/\/www.lksnext.com\/es\/wp-json\/wp\/v2\/media?parent=26822"}],"wp:term":[{"taxonomy":"tipo_articulo","embeddable":true,"href":"https:\/\/www.lksnext.com\/es\/wp-json\/wp\/v2\/tipo_articulo?post=26822"},{"taxonomy":"ambito_geografico","embeddable":true,"href":"https:\/\/www.lksnext.com\/es\/wp-json\/wp\/v2\/ambito_geografico?post=26822"},{"taxonomy":"boletin","embeddable":true,"href":"https:\/\/www.lksnext.com\/es\/wp-json\/wp\/v2\/boletin?post=26822"}],"curies":[{"name":"wp","href":"https:\/\/api.w.org\/{rel}","templated":true}]}}