{"id":26828,"date":"2023-10-06T08:48:01","date_gmt":"2023-10-06T06:48:01","guid":{"rendered":"https:\/\/www.lksnext.com\/es\/?post_type=noticias_boletin&#038;p=26828"},"modified":"2023-10-06T08:48:01","modified_gmt":"2023-10-06T06:48:01","slug":"programa-elkartek-fase-ii","status":"publish","type":"noticias_boletin","link":"https:\/\/www.lksnext.com\/es\/noticias_boletin\/programa-elkartek-fase-ii\/","title":{"rendered":"Programa ELKARTEK. Fase II"},"content":{"rendered":"<p><strong>B.O.P.V.<\/strong><strong>:<\/strong> 27.09.2023<br \/>\n<strong>Entrada en vigor: <\/strong>28.09.2023<\/p>\n<h2><strong>Objeto<\/strong><\/h2>\n<p>Es objeto de la presente Resoluci\u00f3n la convocatoria, para el ejercicio 2023, de la fase II, para la adjudicaci\u00f3n de las ayudas a los proyectos previamente aprobados en la fase I, convocada mediante la Orden de 18 de enero de 2023. La presente convocatoria se prev\u00e9 en los arts. 6 y 11 de dicha orden.<\/p>\n<h2><strong>Plazo de presentaci\u00f3n de solicitudes<\/strong><\/h2>\n<p>La solicitud deber\u00e1 realizarse en los t\u00e9rminos establecidos por el art. 12 de la Orden de 18 de enero de 2023, de la Consejera de Desarrollo Econ\u00f3mico, Sostenibilidad y Medio Ambiente, que regula el programa de ayudas a la investigaci\u00f3n colaborativa en \u00e1reas estrat\u00e9gicas (Programa Elkartek).<\/p>\n<p><a class=\"boton naranja\" href=\"https:\/\/www.euskadi.eus\/web01-bopv\/es\/bopv2\/datos\/2023\/09\/2304447a.pdf\" target=\"_blank\" rel=\"noopener noreferrer\">Bolet\u00edn oficial<\/a><\/p>\n","protected":false},"excerpt":{"rendered":"<p>B.O.P.V.: 27.09.2023 Entrada en vigor: 28.09.2023 Objeto Es objeto de la presente Resoluci\u00f3n la convocatoria, para el ejercicio 2023, de la fase II, para la adjudicaci\u00f3n de las ayudas a los proyectos previamente aprobados en la fase I, convocada mediante la Orden de 18 de enero de 2023. La presente convocatoria se prev\u00e9 en los [&hellip;]<\/p>\n","protected":false},"featured_media":0,"template":"","tipo_articulo":[3182],"ambito_geografico":[3198],"boletin":[4403],"class_list":["post-26828","noticias_boletin","type-noticias_boletin","status-publish","hentry","tipo_articulo-ayudas","ambito_geografico-pais-vasco","boletin-septiembre-2023"],"acf":[],"_links":{"self":[{"href":"https:\/\/www.lksnext.com\/es\/wp-json\/wp\/v2\/noticias_boletin\/26828","targetHints":{"allow":["GET"]}}],"collection":[{"href":"https:\/\/www.lksnext.com\/es\/wp-json\/wp\/v2\/noticias_boletin"}],"about":[{"href":"https:\/\/www.lksnext.com\/es\/wp-json\/wp\/v2\/types\/noticias_boletin"}],"wp:attachment":[{"href":"https:\/\/www.lksnext.com\/es\/wp-json\/wp\/v2\/media?parent=26828"}],"wp:term":[{"taxonomy":"tipo_articulo","embeddable":true,"href":"https:\/\/www.lksnext.com\/es\/wp-json\/wp\/v2\/tipo_articulo?post=26828"},{"taxonomy":"ambito_geografico","embeddable":true,"href":"https:\/\/www.lksnext.com\/es\/wp-json\/wp\/v2\/ambito_geografico?post=26828"},{"taxonomy":"boletin","embeddable":true,"href":"https:\/\/www.lksnext.com\/es\/wp-json\/wp\/v2\/boletin?post=26828"}],"curies":[{"name":"wp","href":"https:\/\/api.w.org\/{rel}","templated":true}]}}