{"id":26832,"date":"2023-10-06T08:49:45","date_gmt":"2023-10-06T06:49:45","guid":{"rendered":"https:\/\/www.lksnext.com\/es\/?post_type=noticias_boletin&#038;p=26832"},"modified":"2023-10-06T08:49:45","modified_gmt":"2023-10-06T06:49:45","slug":"las-juntas-de-gipuzkoa-aprueban-por-unanimidad-una-resolucion-para-el-impulso-de-una-reforma-fiscal","status":"publish","type":"noticias_boletin","link":"https:\/\/www.lksnext.com\/es\/noticias_boletin\/las-juntas-de-gipuzkoa-aprueban-por-unanimidad-una-resolucion-para-el-impulso-de-una-reforma-fiscal\/","title":{"rendered":"Las Juntas de Gipuzkoa aprueban por unanimidad una resoluci\u00f3n para el impulso de una reforma fiscal"},"content":{"rendered":"<p>Recientemente se ha publicado que las Juntas Generales de Gipuzkoa han aprobado por unanimidad una resoluci\u00f3n para el impulso de una reforma fiscal. La iniciativa se\u00f1ala que la Diputaci\u00f3n Foral deber\u00e1 \u00abacordar con todos los grupos junteros un calendario para acometer una reforma del sistema tributario\u00bb.<\/p>\n<p>Esta reforma deber\u00e1 establecer \u00ablas modificaciones que se consideren oportunas para asegurar el car\u00e1cter justo, progresivo, equitativo y solidario\u00bb de la fiscalidad con el objetivo de \u00abreforzar los servicios p\u00fablicos y el apoyo al emprendimiento, a las pymes y a la econom\u00eda generadora de empleo de calidad y tendiendo a la convergencia fiscal con Europa, con el objetivo de crear las condiciones necesarias para reducir las desigualdades sociales y la huella ecol\u00f3gica y no dejar a nadie atr\u00e1s\u00bb.<\/p>\n<p>En la propuesta, acordada por PNV, PSE, EH Bildu, PP y Elkarrekin Gipuzkoa, se insta a culminar la evaluaci\u00f3n sobre las reformas realizadas en 2014 y 2018, \u00abteniendo en cuenta sus efectos en cuanto a la recaudaci\u00f3n y los servicios p\u00fablicos, la evoluci\u00f3n del empleo y su calidad, la competitividad de las empresas y el tejido productivo\u00bb.<\/p>\n<p>As\u00ed, consideran que, \u00abatendiendo a la especial conformaci\u00f3n fiscal de Euskadi y la necesidad de armonizaci\u00f3n tributaria\u00bb, esa evaluaci\u00f3n \u00abtendr\u00e1 que ser compartida con el \u00d3rgano de Coordinaci\u00f3n Tributaria y las Juntas Generales de los tres territorios hist\u00f3ricos\u00bb.<\/p>\n<p>Asimismo, la Diputaci\u00f3n de Gipuzkoa deber\u00e1 presentar esa evaluaci\u00f3n \u00aby compartirla con todos los grupos\u00bb que conforman el Parlamento foral \u00abantes de fin de a\u00f1o\u00bb.<\/p>\n","protected":false},"excerpt":{"rendered":"<p>Recientemente se ha publicado que las Juntas Generales de Gipuzkoa han aprobado por unanimidad una resoluci\u00f3n para el impulso de una reforma fiscal. La iniciativa se\u00f1ala que la Diputaci\u00f3n Foral deber\u00e1 \u00abacordar con todos los grupos junteros un calendario para acometer una reforma del sistema tributario\u00bb. Esta reforma deber\u00e1 establecer \u00ablas modificaciones que se consideren [&hellip;]<\/p>\n","protected":false},"featured_media":0,"template":"","tipo_articulo":[3191],"ambito_geografico":[],"boletin":[4403],"class_list":["post-26832","noticias_boletin","type-noticias_boletin","status-publish","hentry","tipo_articulo-se-dice-que","boletin-septiembre-2023"],"acf":[],"_links":{"self":[{"href":"https:\/\/www.lksnext.com\/es\/wp-json\/wp\/v2\/noticias_boletin\/26832","targetHints":{"allow":["GET"]}}],"collection":[{"href":"https:\/\/www.lksnext.com\/es\/wp-json\/wp\/v2\/noticias_boletin"}],"about":[{"href":"https:\/\/www.lksnext.com\/es\/wp-json\/wp\/v2\/types\/noticias_boletin"}],"wp:attachment":[{"href":"https:\/\/www.lksnext.com\/es\/wp-json\/wp\/v2\/media?parent=26832"}],"wp:term":[{"taxonomy":"tipo_articulo","embeddable":true,"href":"https:\/\/www.lksnext.com\/es\/wp-json\/wp\/v2\/tipo_articulo?post=26832"},{"taxonomy":"ambito_geografico","embeddable":true,"href":"https:\/\/www.lksnext.com\/es\/wp-json\/wp\/v2\/ambito_geografico?post=26832"},{"taxonomy":"boletin","embeddable":true,"href":"https:\/\/www.lksnext.com\/es\/wp-json\/wp\/v2\/boletin?post=26832"}],"curies":[{"name":"wp","href":"https:\/\/api.w.org\/{rel}","templated":true}]}}