{"id":27651,"date":"2023-11-02T19:12:11","date_gmt":"2023-11-02T18:12:11","guid":{"rendered":"https:\/\/www.lksnext.com\/es\/?post_type=noticias_boletin&#038;p=27651"},"modified":"2023-11-02T19:12:11","modified_gmt":"2023-11-02T18:12:11","slug":"el-acuerdo-de-psoe-y-sumar-contempla-nuevos-aspectos-laborales","status":"publish","type":"noticias_boletin","link":"https:\/\/www.lksnext.com\/es\/noticias_boletin\/el-acuerdo-de-psoe-y-sumar-contempla-nuevos-aspectos-laborales\/","title":{"rendered":"El acuerdo de PSOE y Sumar contempla nuevos aspectos laborales"},"content":{"rendered":"<p>El pacto plantea varias cuestiones laborales como son la reducci\u00f3n de la jornada laboral de 40 a 37,5 horas semanales, o la ampliaci\u00f3n de permiso por nacimiento de menor de 16 a 20 semanas. Adem\u00e1s, el acuerdo busca reforzar la causalidad del despido.<\/p>\n","protected":false},"excerpt":{"rendered":"<p>El pacto plantea varias cuestiones laborales como son la reducci\u00f3n de la jornada laboral de 40 a 37,5 horas semanales, o la ampliaci\u00f3n de permiso por nacimiento de menor de 16 a 20 semanas. Adem\u00e1s, el acuerdo busca reforzar la causalidad del despido.<\/p>\n","protected":false},"featured_media":0,"template":"","tipo_articulo":[3191],"ambito_geografico":[],"boletin":[4409],"class_list":["post-27651","noticias_boletin","type-noticias_boletin","status-publish","hentry","tipo_articulo-se-dice-que","boletin-octubre-2023"],"acf":[],"_links":{"self":[{"href":"https:\/\/www.lksnext.com\/es\/wp-json\/wp\/v2\/noticias_boletin\/27651","targetHints":{"allow":["GET"]}}],"collection":[{"href":"https:\/\/www.lksnext.com\/es\/wp-json\/wp\/v2\/noticias_boletin"}],"about":[{"href":"https:\/\/www.lksnext.com\/es\/wp-json\/wp\/v2\/types\/noticias_boletin"}],"wp:attachment":[{"href":"https:\/\/www.lksnext.com\/es\/wp-json\/wp\/v2\/media?parent=27651"}],"wp:term":[{"taxonomy":"tipo_articulo","embeddable":true,"href":"https:\/\/www.lksnext.com\/es\/wp-json\/wp\/v2\/tipo_articulo?post=27651"},{"taxonomy":"ambito_geografico","embeddable":true,"href":"https:\/\/www.lksnext.com\/es\/wp-json\/wp\/v2\/ambito_geografico?post=27651"},{"taxonomy":"boletin","embeddable":true,"href":"https:\/\/www.lksnext.com\/es\/wp-json\/wp\/v2\/boletin?post=27651"}],"curies":[{"name":"wp","href":"https:\/\/api.w.org\/{rel}","templated":true}]}}