{"id":27709,"date":"2023-11-02T19:11:16","date_gmt":"2023-11-02T18:11:16","guid":{"rendered":"https:\/\/www.lksnext.com\/es\/?post_type=noticias_boletin&#038;p=27709"},"modified":"2023-11-02T19:11:16","modified_gmt":"2023-11-02T18:11:16","slug":"el-tribunal-supremo-desestima-el-primer-recurso-que-demandaba-la-responsabilidad-patrimonial-del-estado-por-danos-en-la-hosteleria-por-la-normativa-covid","status":"publish","type":"noticias_boletin","link":"https:\/\/www.lksnext.com\/es\/noticias_boletin\/el-tribunal-supremo-desestima-el-primer-recurso-que-demandaba-la-responsabilidad-patrimonial-del-estado-por-danos-en-la-hosteleria-por-la-normativa-covid\/","title":{"rendered":"El Tribunal Supremo desestima el primer recurso que demandaba la responsabilidad patrimonial del estado por da\u00f1os en la hosteler\u00eda por la normativa COVID"},"content":{"rendered":"<p>La Sala de lo Contencioso-Administrativo del Tribunal Supremo ha desestimado el primero de los recursos en el que se demandaba la responsabilidad patrimonial del Estado por los da\u00f1os sufridos por una empresa del sector de la hosteler\u00eda como consecuencia de la aplicaci\u00f3n de la normativa aprobada para evitar o mitigar la propagaci\u00f3n de la pandemia COVID-19. Esa normativa impuso, entre otros extremos, la suspensi\u00f3n temporal de la actividad empresarial a la que se dedica la recurrente.<\/p>\n<p>En la Sala de lo Contencioso est\u00e1n pendientes casi mil asuntos equivalentes al presente recurso. Varios miles m\u00e1s se encuentran en tramitaci\u00f3n en el Gobierno.<\/p>\n<p>Aunque los argumentos de la parte recurrente son numerosos para fundar la responsabilidad patrimonial, la Sala centra inicialmente el debate en el hecho de que los da\u00f1os patrimoniales cuya reparaci\u00f3n se solicita se imputan principalmente a las normas que impusieron un conjunto de restricciones y medidas de contenci\u00f3n y que fueron incluidas en los reales decretos del estado de alarma. Esas normas tienen desde la perspectiva constitucional valor de ley, seg\u00fan han declarado previamente tanto el Tribunal Supremo como el Tribunal Constitucional.<\/p>\n","protected":false},"excerpt":{"rendered":"<p>La Sala de lo Contencioso-Administrativo del Tribunal Supremo ha desestimado el primero de los recursos en el que se demandaba la responsabilidad patrimonial del Estado por los da\u00f1os sufridos por una empresa del sector de la hosteler\u00eda como consecuencia de la aplicaci\u00f3n de la normativa aprobada para evitar o mitigar la propagaci\u00f3n de la pandemia [&hellip;]<\/p>\n","protected":false},"featured_media":0,"template":"","tipo_articulo":[3190],"ambito_geografico":[],"boletin":[4409],"class_list":["post-27709","noticias_boletin","type-noticias_boletin","status-publish","hentry","tipo_articulo-noticias-de-interes","boletin-octubre-2023"],"acf":[],"_links":{"self":[{"href":"https:\/\/www.lksnext.com\/es\/wp-json\/wp\/v2\/noticias_boletin\/27709","targetHints":{"allow":["GET"]}}],"collection":[{"href":"https:\/\/www.lksnext.com\/es\/wp-json\/wp\/v2\/noticias_boletin"}],"about":[{"href":"https:\/\/www.lksnext.com\/es\/wp-json\/wp\/v2\/types\/noticias_boletin"}],"wp:attachment":[{"href":"https:\/\/www.lksnext.com\/es\/wp-json\/wp\/v2\/media?parent=27709"}],"wp:term":[{"taxonomy":"tipo_articulo","embeddable":true,"href":"https:\/\/www.lksnext.com\/es\/wp-json\/wp\/v2\/tipo_articulo?post=27709"},{"taxonomy":"ambito_geografico","embeddable":true,"href":"https:\/\/www.lksnext.com\/es\/wp-json\/wp\/v2\/ambito_geografico?post=27709"},{"taxonomy":"boletin","embeddable":true,"href":"https:\/\/www.lksnext.com\/es\/wp-json\/wp\/v2\/boletin?post=27709"}],"curies":[{"name":"wp","href":"https:\/\/api.w.org\/{rel}","templated":true}]}}