{"id":29416,"date":"2024-01-10T14:58:59","date_gmt":"2024-01-10T13:58:59","guid":{"rendered":"https:\/\/www.lksnext.com\/es\/?post_type=noticias_boletin&#038;p=29416"},"modified":"2024-01-10T14:58:59","modified_gmt":"2024-01-10T13:58:59","slug":"el-ts-identifica-los-criterios-para-la-cuantificacion-de-la-indemnizacion-por-vulneracion-de-derechos-fundamentales-en-despidos-nulos","status":"publish","type":"noticias_boletin","link":"https:\/\/www.lksnext.com\/es\/noticias_boletin\/el-ts-identifica-los-criterios-para-la-cuantificacion-de-la-indemnizacion-por-vulneracion-de-derechos-fundamentales-en-despidos-nulos\/","title":{"rendered":"El TS identifica los criterios para la cuantificaci\u00f3n de la indemnizaci\u00f3n por vulneraci\u00f3n de derechos fundamentales en despidos nulos"},"content":{"rendered":"<p>Tras la Sentencia del Tribunal Constitucional n\u00famero 61\/2021, en la cual se estableci\u00f3 la obligaci\u00f3n de todo tribunal a pronunciarse sobre la cuant\u00eda de la indemnizaci\u00f3n a la que el trabajador ten\u00eda derecho cuando se observaba la vulneraci\u00f3n de un Derecho Fundamental, el Tribunal Supremo, ha establecido un criterio importante para la cuantificaci\u00f3n de la indemnizaci\u00f3n en casos de despidos nulos por vulneraci\u00f3n de derechos fundamentales. Adem\u00e1s de tomar como referencia las sanciones de la Ley de Infracciones y Sanciones en el Orden Social (LISOS), el Tribunal Supremo tambi\u00e9n ha considerado factores como el salario y la antig\u00fcedad del empleado para valorar la indemnizaci\u00f3n. Este enfoque integral ha sentado un precedente relevante en la jurisprudencia laboral reafirmando, a su vez, la importancia de proteger los Derechos Fundamentales en el lugar de trabajo, teniendo en cuenta tanto las sanciones legales como las circunstancias individuales del empleado.<\/p>\n","protected":false},"excerpt":{"rendered":"<p>Tras la Sentencia del Tribunal Constitucional n\u00famero 61\/2021, en la cual se estableci\u00f3 la obligaci\u00f3n de todo tribunal a pronunciarse sobre la cuant\u00eda de la indemnizaci\u00f3n a la que el trabajador ten\u00eda derecho cuando se observaba la vulneraci\u00f3n de un Derecho Fundamental, el Tribunal Supremo, ha establecido un criterio importante para la cuantificaci\u00f3n de la [&hellip;]<\/p>\n","protected":false},"featured_media":0,"template":"","tipo_articulo":[3190],"ambito_geografico":[],"boletin":[4414],"class_list":["post-29416","noticias_boletin","type-noticias_boletin","status-publish","hentry","tipo_articulo-noticias-de-interes","boletin-diciembre-2023"],"acf":[],"_links":{"self":[{"href":"https:\/\/www.lksnext.com\/es\/wp-json\/wp\/v2\/noticias_boletin\/29416","targetHints":{"allow":["GET"]}}],"collection":[{"href":"https:\/\/www.lksnext.com\/es\/wp-json\/wp\/v2\/noticias_boletin"}],"about":[{"href":"https:\/\/www.lksnext.com\/es\/wp-json\/wp\/v2\/types\/noticias_boletin"}],"wp:attachment":[{"href":"https:\/\/www.lksnext.com\/es\/wp-json\/wp\/v2\/media?parent=29416"}],"wp:term":[{"taxonomy":"tipo_articulo","embeddable":true,"href":"https:\/\/www.lksnext.com\/es\/wp-json\/wp\/v2\/tipo_articulo?post=29416"},{"taxonomy":"ambito_geografico","embeddable":true,"href":"https:\/\/www.lksnext.com\/es\/wp-json\/wp\/v2\/ambito_geografico?post=29416"},{"taxonomy":"boletin","embeddable":true,"href":"https:\/\/www.lksnext.com\/es\/wp-json\/wp\/v2\/boletin?post=29416"}],"curies":[{"name":"wp","href":"https:\/\/api.w.org\/{rel}","templated":true}]}}