{"id":29423,"date":"2024-01-10T14:58:06","date_gmt":"2024-01-10T13:58:06","guid":{"rendered":"https:\/\/www.lksnext.com\/es\/?post_type=noticias_boletin&#038;p=29423"},"modified":"2024-01-10T14:58:06","modified_gmt":"2024-01-10T13:58:06","slug":"materia-administrativa-pais-vasco-diciembre-2023","status":"publish","type":"noticias_boletin","link":"https:\/\/www.lksnext.com\/es\/noticias_boletin\/materia-administrativa-pais-vasco-diciembre-2023\/","title":{"rendered":"MATERIA ADMINISTRATIVA PAIS VASCO DICIEMBRE 2023"},"content":{"rendered":"<h2 class=\"paragraph\" style=\"margin: 0cm; text-align: justify; vertical-align: baseline;\"><strong>REGLAMENTO DE LA RENTA DE GARANT\u00cdA DE INGRESOS<\/strong><\/h2>\n<p><strong>B.O.P.V.: <\/strong>05.12.2023<strong><br \/>\n<\/strong><strong>Entrada en vigor: <\/strong>06.12.2023<strong><br \/>\n<\/strong><strong>Efectos<\/strong>: 06.12.2023<\/p>\n<p>Decreto 173\/2023, de 21 de noviembre, por el que se aprueba el Reglamento de la Renta de Garant\u00eda de Ingresos.<\/p>\n<p>El presente reglamento tiene por objeto desarrollar las previsiones contenidas en la Ley 14\/2022, de 22 de diciembre, del Sistema Vasco de Garant\u00eda de Ingresos y para la Inclusi\u00f3n, en relaci\u00f3n con la renta de garant\u00eda de ingresos.<\/p>\n<p><strong><a class=\"boton naranja\" href=\"https:\/\/www.euskadi.eus\/web01-bopv\/es\/bopv2\/datos\/2023\/12\/2305426a.pdf\" target=\"_blank\" rel=\"noopener noreferrer\">Bolet\u00edn oficial<\/a><\/strong><\/p>\n<hr \/>\n<h2 class=\"paragraph\" style=\"margin: 0cm; text-align: justify; vertical-align: baseline;\"><strong>LEY VASCA DE EMPLEO<\/strong><\/h2>\n<p><strong>B.O.P.V.: <\/strong>29.12.2023<strong><br \/>\n<\/strong><strong>Entrada en vigor: <\/strong>30.12.2023<strong><br \/>\n<\/strong><strong>Efectos:<\/strong>30.12.2023<\/p>\n<p>Ley 15\/2023, de 21 de diciembre, de Empleo.<\/p>\n<p>La presente ley tiene por objeto la definici\u00f3n de los derechos y obligaciones de las personas para la mejora de su empleabilidad, de los principios de actuaci\u00f3n de los poderes p\u00fablicos en materia de pol\u00edticas de empleo, la creaci\u00f3n de la Red Vasca de Empleo, la ordenaci\u00f3n y gesti\u00f3n de su cartera de servicios y de los programas complementarios para la mejora de la empleabilidad y de la ocupabilidad, en orden a impulsar el pleno empleo de calidad.<\/p>\n<p>Asimismo, tiene por objeto la determinaci\u00f3n de las competencias en materia de empleo, del modelo de gobernanza y de la planificaci\u00f3n, participaci\u00f3n y financiaci\u00f3n de las pol\u00edticas p\u00fablicas de empleo, y la regulaci\u00f3n de Lanbide-Servicio P\u00fablico Vasco de Empleo.<\/p>\n<p><strong><a class=\"boton naranja\" href=\"https:\/\/www.euskadi.eus\/web01-bopv\/es\/bopv2\/datos\/2023\/12\/2305767a.pdf\" target=\"_blank\" rel=\"noopener noreferrer\">Bolet\u00edn oficial<\/a><\/strong><\/p>\n<hr \/>\n<h2><strong>LEY REGULADORA DEL R\u00c9GIMEN DE SUBVENCIONES<\/strong><\/h2>\n<p><strong>B.O.P.V.: <\/strong>29.12.2023<strong><br \/>\n<\/strong><strong>Entrada en vigor:<\/strong> 30.12.2023<strong><br \/>\n<\/strong><strong>Efectos: <\/strong>30.12.2023<\/p>\n<p>Ley 20\/2023, de 21 de diciembre, Reguladora del R\u00e9gimen de Subvenciones.<\/p>\n<p>Esta ley tiene por objeto la regulaci\u00f3n del r\u00e9gimen jur\u00eddico general de las subvenciones cuya gesti\u00f3n y otorgamiento corresponda a las entidades del sector p\u00fablico de la Comunidad Aut\u00f3noma de Euskadi a que se refiere el art\u00edculo siguiente.<\/p>\n<p><strong><a class=\"boton naranja\" href=\"https:\/\/www.euskadi.eus\/web01-bopv\/es\/bopv2\/datos\/2023\/12\/2305769a.pdf\" target=\"_blank\" rel=\"noopener noreferrer\">Bolet\u00edn oficial<\/a><\/strong><\/p>\n<hr \/>\n<h2><strong>LEY REGULADORA DEL R\u00c9GIMEN DE SUBVENCIONES<\/strong><\/h2>\n<p><strong>B.O.P.V.: <\/strong>29.12.2023<strong><br \/>\n<\/strong><strong>Entrada en vigor: <\/strong>30.12.2023<strong><br \/>\n<\/strong><strong>Efectos: <\/strong>30.12.2023<\/p>\n<p>Ley 19\/2023, de 21 de diciembre, Reguladora del Instituto Vasco de Finanzas.<\/p>\n<p>Transcurridos cerca de catorce a\u00f1os desde la creaci\u00f3n y puesta en marcha del instituto, se considera necesario y oportuno contar con una normativa reguladora especifica de este, una ley integral del Instituto Vasco de Finanzas que adapte su regulaci\u00f3n a la nueva realidad econ\u00f3mica y normativa del Pa\u00eds Vasco, as\u00ed como al papel que debe asumir el citado ente como instrumento de la pol\u00edtica financiera y de cr\u00e9dito p\u00fablico de las entidades del sector p\u00fablico de la Comunidad Aut\u00f3noma de Euskadi, a trav\u00e9s de la gesti\u00f3n de los instrumentos p\u00fablicos de financiaci\u00f3n y participaci\u00f3n p\u00fablica de la Comunidad Aut\u00f3noma de Euskadi en los sectores econ\u00f3micos vascos, y sobre la base de las conclusiones alcanzadas tras los distintos estudios y reflexiones realizados por el Gobierno Vasco al respecto.<\/p>\n<p><strong><a class=\"boton naranja\" href=\"https:\/\/www.euskadi.eus\/web01-bopv\/es\/bopv2\/datos\/2023\/12\/2305768a.pdf\" target=\"_blank\" rel=\"noopener noreferrer\">Bolet\u00edn oficial<\/a><\/strong><\/p>\n<hr \/>\n<h2><strong>LEY DE PRESUPUESTOS GENERALES DE EUSKADI<\/strong><\/h2>\n<p><strong>B.O.P.V.: <\/strong>29.12.2023<strong><br \/>\n<\/strong><strong>Entrada en vigor: <\/strong>30.12.2023<strong><br \/>\n<\/strong><strong>Efectos:<\/strong> 30.12.2023<\/p>\n<p>Ley 21\/2023, de 22 de diciembre, por la que se aprueban los Presupuestos Generales de la Comunidad Aut\u00f3noma de Euskadi para el ejercicio 2024.<\/p>\n<p>Se aprueban los Presupuestos Generales de la Comunidad Aut\u00f3noma de Euskadi para el ejercicio 2024.<\/p>\n<p><strong><a class=\"boton naranja\" href=\"https:\/\/www.euskadi.eus\/web01-bopv\/es\/bopv2\/datos\/2023\/12\/2305770a.pdf\" target=\"_blank\" rel=\"noopener noreferrer\">Bolet\u00edn oficial<\/a><\/strong><\/p>\n<hr \/>\n<h2><strong>REGLAMENTO DE LA RENTA DE GARANT\u00cdA DE INGRESOS<\/strong><\/h2>\n<p><strong>B.O.P.V.: <\/strong>05.12.2023<strong><br \/>\n<\/strong><strong>Entrada en vigor: <\/strong>06.12.2023<strong><br \/>\n<\/strong><strong>Efectos: <\/strong>06.12.2023<\/p>\n<p>Decreto 173\/2023, de 21 de noviembre, por el que se aprueba el Reglamento de la Renta de Garant\u00eda de Ingresos.<\/p>\n<p>El presente reglamento tiene por objeto desarrollar las previsiones contenidas en la Ley 14\/2022, de 22 de diciembre, del Sistema Vasco de Garant\u00eda de Ingresos y para la Inclusi\u00f3n, en relaci\u00f3n con la renta de garant\u00eda de ingresos.<\/p>\n<p><strong><a class=\"boton naranja\" href=\"https:\/\/www.euskadi.eus\/web01-bopv\/es\/bopv2\/datos\/2023\/12\/2305426a.pdf\" target=\"_blank\" rel=\"noopener noreferrer\">Bolet\u00edn oficial<\/a><\/strong><\/p>\n","protected":false},"excerpt":{"rendered":"<p>REGLAMENTO DE LA RENTA DE GARANT\u00cdA DE INGRESOS B.O.P.V.: 05.12.2023 Entrada en vigor: 06.12.2023 Efectos: 06.12.2023 Decreto 173\/2023, de 21 de noviembre, por el que se aprueba el Reglamento de la Renta de Garant\u00eda de Ingresos. El presente reglamento tiene por objeto desarrollar las previsiones contenidas en la Ley 14\/2022, de 22 de diciembre, del [&hellip;]<\/p>\n","protected":false},"featured_media":0,"template":"","tipo_articulo":[3186],"ambito_geografico":[3198],"boletin":[4414],"class_list":["post-29423","noticias_boletin","type-noticias_boletin","status-publish","hentry","tipo_articulo-materia-administrativa","ambito_geografico-pais-vasco","boletin-diciembre-2023"],"acf":[],"_links":{"self":[{"href":"https:\/\/www.lksnext.com\/es\/wp-json\/wp\/v2\/noticias_boletin\/29423","targetHints":{"allow":["GET"]}}],"collection":[{"href":"https:\/\/www.lksnext.com\/es\/wp-json\/wp\/v2\/noticias_boletin"}],"about":[{"href":"https:\/\/www.lksnext.com\/es\/wp-json\/wp\/v2\/types\/noticias_boletin"}],"wp:attachment":[{"href":"https:\/\/www.lksnext.com\/es\/wp-json\/wp\/v2\/media?parent=29423"}],"wp:term":[{"taxonomy":"tipo_articulo","embeddable":true,"href":"https:\/\/www.lksnext.com\/es\/wp-json\/wp\/v2\/tipo_articulo?post=29423"},{"taxonomy":"ambito_geografico","embeddable":true,"href":"https:\/\/www.lksnext.com\/es\/wp-json\/wp\/v2\/ambito_geografico?post=29423"},{"taxonomy":"boletin","embeddable":true,"href":"https:\/\/www.lksnext.com\/es\/wp-json\/wp\/v2\/boletin?post=29423"}],"curies":[{"name":"wp","href":"https:\/\/api.w.org\/{rel}","templated":true}]}}