{"id":33137,"date":"2024-07-24T08:29:54","date_gmt":"2024-07-24T06:29:54","guid":{"rendered":"https:\/\/www.lksnext.com\/es\/?post_type=noticias_boletin&#038;p=33137"},"modified":"2024-07-24T08:29:54","modified_gmt":"2024-07-24T06:29:54","slug":"la-generalitat-valenciana-elimina-la-obligatoriedad-de-incorporar-clausulas-de-responsabilidad-social-como-criterios-de-adjudicacion-a-sus-contratos","status":"publish","type":"noticias_boletin","link":"https:\/\/www.lksnext.com\/es\/noticias_boletin\/la-generalitat-valenciana-elimina-la-obligatoriedad-de-incorporar-clausulas-de-responsabilidad-social-como-criterios-de-adjudicacion-a-sus-contratos\/","title":{"rendered":"La Generalitat Valenciana elimina la obligatoriedad de incorporar cl\u00e1usulas de responsabilidad social como criterios de adjudicaci\u00f3n a sus contratos"},"content":{"rendered":"<p>Por Decreto Ley 7\/2024, de 9 de julio, del Consell, de simplificaci\u00f3n administrativa de la Generalitat Valenciana se modifica el Decreto 118\/2022 de 5 de agosto, del Consell, por el que se regula la inclusi\u00f3n de cl\u00e1usulas de responsabilidad social en la contrataci\u00f3n p\u00fablica y en las convocatorias de ayudas y subvenciones. Desde su entrada en vigor, esta disposici\u00f3n ha generado numerosas consultas y dudas, tanto entre los \u00f3rganos de contrataci\u00f3n, como entre las empresas interesadas en ser adjudicatarias de contratos p\u00fablicos.<\/p>\n<p>La Conselleria de Hacienda, Econom\u00eda y Administraci\u00f3n P\u00fablica ha constatado, a trav\u00e9s de consultas a todos los departamentos del Consell, que la actual regulaci\u00f3n del decreto produce efectos negativos sobre la contrataci\u00f3n y las convocatorias de ayudas y subvenciones. Por otro lado, la Junta Superior de Contrataci\u00f3n Administrativa tambi\u00e9n emiti\u00f3 un dictamen, el Dictamen 1\/2024, de 29 de febrero, de 2024, recomendando la modificaci\u00f3n del Decreto 118\/2022 en la misma l\u00ednea de lo manifestado en su informe de 18 de febrero de 2022.<\/p>\n","protected":false},"excerpt":{"rendered":"<p>Por Decreto Ley 7\/2024, de 9 de julio, del Consell, de simplificaci\u00f3n administrativa de la Generalitat Valenciana se modifica el Decreto 118\/2022 de 5 de agosto, del Consell, por el que se regula la inclusi\u00f3n de cl\u00e1usulas de responsabilidad social en la contrataci\u00f3n p\u00fablica y en las convocatorias de ayudas y subvenciones. Desde su entrada [&hellip;]<\/p>\n","protected":false},"featured_media":0,"template":"","tipo_articulo":[3190],"ambito_geografico":[],"boletin":[4439],"class_list":["post-33137","noticias_boletin","type-noticias_boletin","status-publish","hentry","tipo_articulo-noticias-de-interes","boletin-julio-2024"],"acf":[],"_links":{"self":[{"href":"https:\/\/www.lksnext.com\/es\/wp-json\/wp\/v2\/noticias_boletin\/33137","targetHints":{"allow":["GET"]}}],"collection":[{"href":"https:\/\/www.lksnext.com\/es\/wp-json\/wp\/v2\/noticias_boletin"}],"about":[{"href":"https:\/\/www.lksnext.com\/es\/wp-json\/wp\/v2\/types\/noticias_boletin"}],"wp:attachment":[{"href":"https:\/\/www.lksnext.com\/es\/wp-json\/wp\/v2\/media?parent=33137"}],"wp:term":[{"taxonomy":"tipo_articulo","embeddable":true,"href":"https:\/\/www.lksnext.com\/es\/wp-json\/wp\/v2\/tipo_articulo?post=33137"},{"taxonomy":"ambito_geografico","embeddable":true,"href":"https:\/\/www.lksnext.com\/es\/wp-json\/wp\/v2\/ambito_geografico?post=33137"},{"taxonomy":"boletin","embeddable":true,"href":"https:\/\/www.lksnext.com\/es\/wp-json\/wp\/v2\/boletin?post=33137"}],"curies":[{"name":"wp","href":"https:\/\/api.w.org\/{rel}","templated":true}]}}