{"id":33153,"date":"2024-07-24T08:29:44","date_gmt":"2024-07-24T06:29:44","guid":{"rendered":"https:\/\/www.lksnext.com\/es\/?post_type=noticias_boletin&#038;p=33153"},"modified":"2024-07-24T08:29:44","modified_gmt":"2024-07-24T06:29:44","slug":"la-cnil-publica-una-primera-aproximacion-al-reglamento-europeo-de-inteligencia-artificial-desde-el-punto-de-vista-de-la-proteccion-de-datos","status":"publish","type":"noticias_boletin","link":"https:\/\/www.lksnext.com\/es\/noticias_boletin\/la-cnil-publica-una-primera-aproximacion-al-reglamento-europeo-de-inteligencia-artificial-desde-el-punto-de-vista-de-la-proteccion-de-datos\/","title":{"rendered":"La CNIL publica una primera aproximaci\u00f3n al Reglamento Europeo de Inteligencia Artificial desde el punto de vista de la protecci\u00f3n de datos"},"content":{"rendered":"<p>La Comisi\u00f3n Nacional de Inform\u00e1tica y de las Libertades (en adelante, \u201cCNIL\u201d) ha publicado en su p\u00e1gina web una entrada en la que, siguiendo un formato de FAQS, da respuesta a varias cuestiones relativas al Reglamento Europeo de Inteligencia Artificial (en adelante \u201cRIA\u201d) desde el punto de vista de la protecci\u00f3n de datos.<\/p>\n<p>La CNIL divide las preguntas en dos apartados:<\/p>\n<ul>\n<li>El primero de ellos (<em>\u201cPresentaci\u00f3n del Reglamento de IA\u201d<\/em>)<em>,<\/em> da respuesta a cuestiones generales, describe la manera en la que la CNIL tendr\u00e1 en cuenta el RIA y ofrece una relaci\u00f3n de las autoridades de supervisi\u00f3n del RIA (a nivel nacional y europeo).<\/li>\n<li>El segundo apartado <em>(\u201c\u00bfC\u00f3mo se combinan el RGPD y el Reglamento de Inteligencia Artificial?\u201d), <\/em>est\u00e1 orientado a las implicaciones que en materia de protecci\u00f3n de datos pudieran derivarse del RIA, y da respuesta a cuestiones relacionadas con los principios del Reglamento General de Protecci\u00f3n de Datos (en adelante, \u201cRGPD\u201d) y su interacci\u00f3n con el RIA (principio de transparencia, etc.) Asimismo, y en t\u00e9rminos muy generales, la entrada de la CNIL analiza las diferencias entre los requisitos de ambas normas.<\/li>\n<\/ul>\n<p>Seg\u00fan esta publicaci\u00f3n, el principal objetivo de la CNIL es \u201cpromover sistemas de inteligencia artificial que respeten los derechos de las personas sobre sus datos y asegurar que las empresas innovadoras en este \u00e1mbito apliquen el RGPD\u201d.<\/p>\n","protected":false},"excerpt":{"rendered":"<ul>\n<li>Datos de recaudaci\u00f3n<\/li>\n<li>Acuerdo internacional sobre fiscalidad digital<\/li>\n<li>Hacienda ultima el reglamento del IRPF para adaptar las subidas y las reducciones de planes de pensiones<\/li>\n<li>Administraci\u00f3n Digital Integral (ADI)<\/li>\n<li>Ventas en Gipuzkoa<\/li>\n<li>Medidas en torno al alquiler<\/li>\n<li>Reforma fiscal en torno al autom\u00f3vil<\/li>\n<li>Proyecto de Ley Org\u00e1nica de Protecci\u00f3n de Datos Personales tratados para fines de prevenci\u00f3n, detecci\u00f3n, investigaci\u00f3n y enjuiciamiento de infracciones penales y de ejecuci\u00f3n de sanciones penales<\/li>\n<li>Propuesta de reforma para la Ley Concursal<\/li>\n<li>El Gobierno Central ultima medidas de solvencia y plantea que parte de su coste lo asuma la banca<\/li>\n<li>El Gobierno reformar\u00e1 el marco legal para poder aumentar las ayudas directas a aut\u00f3nomos y empresas<\/li>\n<li>Creaci\u00f3n de una aplicaci\u00f3n para el c\u00e1lculo de los plazos de duraci\u00f3n de un expediente de contrataci\u00f3n administrativa hasta su formalizaci\u00f3n<\/li>\n<li>El Gobierno Vasco impulsa el programa Azpitek para actualizar el equipamiento cient\u00edfico-t\u00e9cnico de las empresas vascas<\/li>\n<li>La ley \u201cRider\u201d dar\u00e1 tres meses a las empresas para dar de alta a sus trabajadores<\/li>\n<li>El incremento salarial medio pactado en convenio comienza el a\u00f1o con un 1,44%<\/li>\n<li>Se aprueba un proyecto de reglamento que permitir\u00eda, utilizar algoritmos a la Inspecci\u00f3n de Trabajo y la Seguridad Social para la detecci\u00f3n del fraude<\/li>\n<li>El desempleo sube en 76.216 personas en enero<\/li>\n<li>El Gobierno negocia la implantaci\u00f3n un proyecto piloto para la jornada laboral de 4 d\u00edas<\/li>\n<li>Enero finaliza con 739.000 trabajadores en ERTE, 35.000 m\u00e1s que en diciembre<\/li>\n<li>Los registradores quieren proteger las grabaciones de audio y video de las Juntas telem\u00e1ticas<\/li>\n<li>Crear una sociedad con solo un Euro de capital social<\/li>\n<\/ul>\n","protected":false},"featured_media":0,"template":"","tipo_articulo":[3191],"ambito_geografico":[],"boletin":[4439],"class_list":["post-33153","noticias_boletin","type-noticias_boletin","status-publish","hentry","tipo_articulo-se-dice-que","boletin-julio-2024"],"acf":[],"_links":{"self":[{"href":"https:\/\/www.lksnext.com\/es\/wp-json\/wp\/v2\/noticias_boletin\/33153","targetHints":{"allow":["GET"]}}],"collection":[{"href":"https:\/\/www.lksnext.com\/es\/wp-json\/wp\/v2\/noticias_boletin"}],"about":[{"href":"https:\/\/www.lksnext.com\/es\/wp-json\/wp\/v2\/types\/noticias_boletin"}],"wp:attachment":[{"href":"https:\/\/www.lksnext.com\/es\/wp-json\/wp\/v2\/media?parent=33153"}],"wp:term":[{"taxonomy":"tipo_articulo","embeddable":true,"href":"https:\/\/www.lksnext.com\/es\/wp-json\/wp\/v2\/tipo_articulo?post=33153"},{"taxonomy":"ambito_geografico","embeddable":true,"href":"https:\/\/www.lksnext.com\/es\/wp-json\/wp\/v2\/ambito_geografico?post=33153"},{"taxonomy":"boletin","embeddable":true,"href":"https:\/\/www.lksnext.com\/es\/wp-json\/wp\/v2\/boletin?post=33153"}],"curies":[{"name":"wp","href":"https:\/\/api.w.org\/{rel}","templated":true}]}}