{"id":33156,"date":"2024-07-24T08:29:46","date_gmt":"2024-07-24T06:29:46","guid":{"rendered":"https:\/\/www.lksnext.com\/es\/?post_type=noticias_boletin&#038;p=33156"},"modified":"2024-07-24T08:29:46","modified_gmt":"2024-07-24T06:29:46","slug":"el-edpb-emite-una-declaracion-sobre-el-papel-de-las-autoridades-de-proteccion-de-datos-en-el-marco-del-reglamento-europeo-de-inteligencia-artificial","status":"publish","type":"noticias_boletin","link":"https:\/\/www.lksnext.com\/es\/noticias_boletin\/el-edpb-emite-una-declaracion-sobre-el-papel-de-las-autoridades-de-proteccion-de-datos-en-el-marco-del-reglamento-europeo-de-inteligencia-artificial\/","title":{"rendered":"El EDPB emite una declaraci\u00f3n sobre el papel de las Autoridades de Protecci\u00f3n de Datos en el marco del Reglamento Europeo de Inteligencia Artificial"},"content":{"rendered":"<p>El Comit\u00e9 Europeo de Protecci\u00f3n de Datos (en adelante, \u201cEDPB\u201d, por sus siglas en ingl\u00e9s), ha emitido una breve declaraci\u00f3n en la que se pronuncia acerca del papel que las Autoridades de Protecci\u00f3n de Datos debieran adoptar respecto del nuevo Reglamento Europeo de Inteligencia Artificial (en adelante, \u201cRIA\u201d).<\/p>\n<p>Al margen de destacar la importancia de las Autoridades de Protecci\u00f3n de Datos en el marco del RIA, el EDPB, a trav\u00e9s de su declaraci\u00f3n, emite una serie de recomendaciones a tener en consideraci\u00f3n:<\/p>\n<ul>\n<li>Para determinados sistemas de IA de alto riesgo, El EDPB recomienda que los Estados miembros designen a las Autoridades de Protecci\u00f3n de Datos (APD) como Autoridades de Vigilancia del Mercado.<\/li>\n<li>Desde una perspectiva m\u00e1s amplia, el EDPB subraya la necesidad de la existencia de una cooperaci\u00f3n s\u00f3lida entre las Autoridades de Vigilancia del Mercado y las dem\u00e1s entidades encargadas de la supervisi\u00f3n de los sistemas de IA, incluidas las Autoridades de Protecci\u00f3n de Datos, debiendo establecerse procedimientos claros a este respecto sobre la base del RIA.<\/li>\n<\/ul>\n<p>La declaraci\u00f3n del EDPB hace un llamamiento a la Comisi\u00f3n Europea y a la Oficina de IA de la UE, de cara a que ambas instituciones cooperen con el EDPB, as\u00ed como con las dem\u00e1s Autoridades de Protecci\u00f3n de Datos de los Estados Miembros.<\/p>\n","protected":false},"excerpt":{"rendered":"<ul>\n<li>Datos de recaudaci\u00f3n<\/li>\n<li>Acuerdo internacional sobre fiscalidad digital<\/li>\n<li>Hacienda ultima el reglamento del IRPF para adaptar las subidas y las reducciones de planes de pensiones<\/li>\n<li>Administraci\u00f3n Digital Integral (ADI)<\/li>\n<li>Ventas en Gipuzkoa<\/li>\n<li>Medidas en torno al alquiler<\/li>\n<li>Reforma fiscal en torno al autom\u00f3vil<\/li>\n<li>Proyecto de Ley Org\u00e1nica de Protecci\u00f3n de Datos Personales tratados para fines de prevenci\u00f3n, detecci\u00f3n, investigaci\u00f3n y enjuiciamiento de infracciones penales y de ejecuci\u00f3n de sanciones penales<\/li>\n<li>Propuesta de reforma para la Ley Concursal<\/li>\n<li>El Gobierno Central ultima medidas de solvencia y plantea que parte de su coste lo asuma la banca<\/li>\n<li>El Gobierno reformar\u00e1 el marco legal para poder aumentar las ayudas directas a aut\u00f3nomos y empresas<\/li>\n<li>Creaci\u00f3n de una aplicaci\u00f3n para el c\u00e1lculo de los plazos de duraci\u00f3n de un expediente de contrataci\u00f3n administrativa hasta su formalizaci\u00f3n<\/li>\n<li>El Gobierno Vasco impulsa el programa Azpitek para actualizar el equipamiento cient\u00edfico-t\u00e9cnico de las empresas vascas<\/li>\n<li>La ley \u201cRider\u201d dar\u00e1 tres meses a las empresas para dar de alta a sus trabajadores<\/li>\n<li>El incremento salarial medio pactado en convenio comienza el a\u00f1o con un 1,44%<\/li>\n<li>Se aprueba un proyecto de reglamento que permitir\u00eda, utilizar algoritmos a la Inspecci\u00f3n de Trabajo y la Seguridad Social para la detecci\u00f3n del fraude<\/li>\n<li>El desempleo sube en 76.216 personas en enero<\/li>\n<li>El Gobierno negocia la implantaci\u00f3n un proyecto piloto para la jornada laboral de 4 d\u00edas<\/li>\n<li>Enero finaliza con 739.000 trabajadores en ERTE, 35.000 m\u00e1s que en diciembre<\/li>\n<li>Los registradores quieren proteger las grabaciones de audio y video de las Juntas telem\u00e1ticas<\/li>\n<li>Crear una sociedad con solo un Euro de capital social<\/li>\n<\/ul>\n","protected":false},"featured_media":0,"template":"","tipo_articulo":[3191],"ambito_geografico":[],"boletin":[4439],"class_list":["post-33156","noticias_boletin","type-noticias_boletin","status-publish","hentry","tipo_articulo-se-dice-que","boletin-julio-2024"],"acf":[],"_links":{"self":[{"href":"https:\/\/www.lksnext.com\/es\/wp-json\/wp\/v2\/noticias_boletin\/33156","targetHints":{"allow":["GET"]}}],"collection":[{"href":"https:\/\/www.lksnext.com\/es\/wp-json\/wp\/v2\/noticias_boletin"}],"about":[{"href":"https:\/\/www.lksnext.com\/es\/wp-json\/wp\/v2\/types\/noticias_boletin"}],"wp:attachment":[{"href":"https:\/\/www.lksnext.com\/es\/wp-json\/wp\/v2\/media?parent=33156"}],"wp:term":[{"taxonomy":"tipo_articulo","embeddable":true,"href":"https:\/\/www.lksnext.com\/es\/wp-json\/wp\/v2\/tipo_articulo?post=33156"},{"taxonomy":"ambito_geografico","embeddable":true,"href":"https:\/\/www.lksnext.com\/es\/wp-json\/wp\/v2\/ambito_geografico?post=33156"},{"taxonomy":"boletin","embeddable":true,"href":"https:\/\/www.lksnext.com\/es\/wp-json\/wp\/v2\/boletin?post=33156"}],"curies":[{"name":"wp","href":"https:\/\/api.w.org\/{rel}","templated":true}]}}