{"id":33523,"date":"2024-09-05T21:46:00","date_gmt":"2024-09-05T19:46:00","guid":{"rendered":"https:\/\/www.lksnext.com\/es\/?post_type=noticias_boletin&#038;p=33523"},"modified":"2024-09-05T21:46:00","modified_gmt":"2024-09-05T19:46:00","slug":"la-audiencia-nacional-confirma-la-multa-impuesta-por-la-aepd-a-air-europa","status":"publish","type":"noticias_boletin","link":"https:\/\/www.lksnext.com\/es\/noticias_boletin\/la-audiencia-nacional-confirma-la-multa-impuesta-por-la-aepd-a-air-europa\/","title":{"rendered":"La Audiencia Nacional confirma la multa impuesta por la AEPD a Air Europa"},"content":{"rendered":"<p>La Sala de lo Contencioso-Administrativo de la Audiencia Nacional dict\u00f3, el pasado mes de julio, Sentencia en la que confirmaba la sanci\u00f3n de 600.000 euros impuesta por la Agencia Espa\u00f1ola de Protecci\u00f3n de Datos (en adelante, \u201cAEPD\u201d) a la aerol\u00ednea Air Europa, por infringir diversos preceptos del Reglamento General de Protecci\u00f3n de Datos (en adelante, \u201cRGPD\u201d).<\/p>\n<p>El objeto de debate es la idoneidad de las medidas de seguridad con las que contaba Air Europa, ya que, en 2018 sufri\u00f3 una brecha de seguridad que afect\u00f3 a datos personales de sus clientes. Asimismo, tambi\u00e9n se debate acerca de la correcta o incorrecta notificaci\u00f3n de la brecha a la AEPD.<\/p>\n<p>Durante el procedimiento ante la AEPD Air Europa aleg\u00f3 que contaba con las medidas t\u00e9cnicas y organizativas adecuadas para hacer frente al incidente, pero la Sentencia de la Audiencia Nacional desestima las pretensiones de Air Europa, argumentando lo siguiente:<\/p>\n<ul>\n<li><em>\u201cLas medidas de seguridad t\u00e9cnicas y organizativas implantadas por la parte demandante no eran apropiadas para garantizar un nivel de seguridad adecuado al riesgo e impedir un acceso no autorizado a los datos de los clientes [\u2026]\u201d<\/em><\/li>\n<\/ul>\n<p>&nbsp;<\/p>\n<ul>\n<li><em>\u00a0<\/em><em>\u201cPor tanto, hay que tener en cuenta como fecha en que tuvo conocimiento la parte recurrente de la violaci\u00f3n de la seguridad de los datos personales, el 16 de octubre de 2018, y, como se dice en la resoluci\u00f3n sancionadora, la notificaci\u00f3n, \u00bb se realiz\u00f3 de manera extempor\u00e1nea 41 d\u00edas despu\u00e9s de que fuera conocida<\/em> [y] <em>la notificaci\u00f3n la violaci\u00f3n de seguridad de los datos personales, se produjo fuera del plazo de las 72 horas previsto<\/em> [\u2026]\u201d<\/li>\n<\/ul>\n","protected":false},"excerpt":{"rendered":"<p>La Sala de lo Contencioso-Administrativo de la Audiencia Nacional dict\u00f3, el pasado mes de julio, Sentencia en la que confirmaba la sanci\u00f3n de 600.000 euros impuesta por la Agencia Espa\u00f1ola de Protecci\u00f3n de Datos (en adelante, \u201cAEPD\u201d) a la aerol\u00ednea Air Europa, por infringir diversos preceptos del Reglamento General de Protecci\u00f3n de Datos (en adelante, [&hellip;]<\/p>\n","protected":false},"featured_media":0,"template":"","tipo_articulo":[3190],"ambito_geografico":[],"boletin":[4443],"class_list":["post-33523","noticias_boletin","type-noticias_boletin","status-publish","hentry","tipo_articulo-noticias-de-interes","boletin-agosto-2024"],"acf":[],"_links":{"self":[{"href":"https:\/\/www.lksnext.com\/es\/wp-json\/wp\/v2\/noticias_boletin\/33523","targetHints":{"allow":["GET"]}}],"collection":[{"href":"https:\/\/www.lksnext.com\/es\/wp-json\/wp\/v2\/noticias_boletin"}],"about":[{"href":"https:\/\/www.lksnext.com\/es\/wp-json\/wp\/v2\/types\/noticias_boletin"}],"wp:attachment":[{"href":"https:\/\/www.lksnext.com\/es\/wp-json\/wp\/v2\/media?parent=33523"}],"wp:term":[{"taxonomy":"tipo_articulo","embeddable":true,"href":"https:\/\/www.lksnext.com\/es\/wp-json\/wp\/v2\/tipo_articulo?post=33523"},{"taxonomy":"ambito_geografico","embeddable":true,"href":"https:\/\/www.lksnext.com\/es\/wp-json\/wp\/v2\/ambito_geografico?post=33523"},{"taxonomy":"boletin","embeddable":true,"href":"https:\/\/www.lksnext.com\/es\/wp-json\/wp\/v2\/boletin?post=33523"}],"curies":[{"name":"wp","href":"https:\/\/api.w.org\/{rel}","templated":true}]}}