{"id":34001,"date":"2024-10-04T11:48:39","date_gmt":"2024-10-04T09:48:39","guid":{"rendered":"https:\/\/www.lksnext.com\/es\/?post_type=noticias_boletin&#038;p=34001"},"modified":"2024-11-04T11:06:46","modified_gmt":"2024-11-04T10:06:46","slug":"anteproyecto-de-norma-foral-por-la-que-se-aprueban-medidas-tributarias-del-territorio-historico-de-bizkaia","status":"publish","type":"noticias_boletin","link":"https:\/\/www.lksnext.com\/es\/noticias_boletin\/anteproyecto-de-norma-foral-por-la-que-se-aprueban-medidas-tributarias-del-territorio-historico-de-bizkaia\/","title":{"rendered":"Anteproyecto de Norma Foral por la que se aprueban medidas tributarias del Territorio Hist\u00f3rico de Bizkaia"},"content":{"rendered":"<p>Conocido el contenido del Anteproyecto de Norma Foral por la que se aprueban determinadas medidas tributarias en Bizkaia, se destacan las siguientes medidas fiscales relacionadas con los incentivos fiscales al fomento de la cultura:<\/p>\n<ul>\n<li>En el IRPF, se abre la posibilidad a que los y las contribuyentes de este impuesto que realicen actividades econ\u00f3micas puedan aplicar las deducciones reguladas en los art\u00edculos 65 bis y 65 quinquies de la Norma Foral del Impuesto sobre sociedades por la participaci\u00f3n en la financiaci\u00f3n de proyectos de investigaci\u00f3n y desarrollo o innovaci\u00f3n tecnol\u00f3gica, de obras audiovisuales, de espect\u00e1culos en vivo de artes esc\u00e9nicas y musicales y de edici\u00f3n de libros, con ciertas especialidades.<\/li>\n<li>En el IS, se establece la posibilidad de que la deducci\u00f3n por financiaci\u00f3n de la edici\u00f3n de libros d\u00e9 lugar a la integraci\u00f3n de rentas positivas para la persona financiadora cuando la deducci\u00f3n aplicada por esta, en virtud del art\u00edculo 66 quinquies de la Norma Foral de Impuesto, supere los importes desembolsados.<\/li>\n<li>En relaci\u00f3n con la regulaci\u00f3n de Agrupaciones de Inter\u00e9s Econ\u00f3mico, se introduce una cautela de manera que, cuando se imputen a los socios de las AIEs las deducciones relacionadas con el fomento de la cultura, no proceder\u00e1 la imputaci\u00f3n de las bases imponibles negativas, ni podr\u00e1n aplicar las p\u00e9rdidas que, en su caso, se produzcan como consecuencia de la transmisi\u00f3n de las participaciones, siempre que las aportaciones a las AIEs deban ser calificadas como instrumentos de patrimonio con caracter\u00edsticas especiales conforme a los criterios contables.<\/li>\n<li><\/li>\n<\/ul>\n","protected":false},"excerpt":{"rendered":"<ul>\n<li>Datos de recaudaci\u00f3n<\/li>\n<li>Acuerdo internacional sobre fiscalidad digital<\/li>\n<li>Hacienda ultima el reglamento del IRPF para adaptar las subidas y las reducciones de planes de pensiones<\/li>\n<li>Administraci\u00f3n Digital Integral (ADI)<\/li>\n<li>Ventas en Gipuzkoa<\/li>\n<li>Medidas en torno al alquiler<\/li>\n<li>Reforma fiscal en torno al autom\u00f3vil<\/li>\n<li>Proyecto de Ley Org\u00e1nica de Protecci\u00f3n de Datos Personales tratados para fines de prevenci\u00f3n, detecci\u00f3n, investigaci\u00f3n y enjuiciamiento de infracciones penales y de ejecuci\u00f3n de sanciones penales<\/li>\n<li>Propuesta de reforma para la Ley Concursal<\/li>\n<li>El Gobierno Central ultima medidas de solvencia y plantea que parte de su coste lo asuma la banca<\/li>\n<li>El Gobierno reformar\u00e1 el marco legal para poder aumentar las ayudas directas a aut\u00f3nomos y empresas<\/li>\n<li>Creaci\u00f3n de una aplicaci\u00f3n para el c\u00e1lculo de los plazos de duraci\u00f3n de un expediente de contrataci\u00f3n administrativa hasta su formalizaci\u00f3n<\/li>\n<li>El Gobierno Vasco impulsa el programa Azpitek para actualizar el equipamiento cient\u00edfico-t\u00e9cnico de las empresas vascas<\/li>\n<li>La ley \u201cRider\u201d dar\u00e1 tres meses a las empresas para dar de alta a sus trabajadores<\/li>\n<li>El incremento salarial medio pactado en convenio comienza el a\u00f1o con un 1,44%<\/li>\n<li>Se aprueba un proyecto de reglamento que permitir\u00eda, utilizar algoritmos a la Inspecci\u00f3n de Trabajo y la Seguridad Social para la detecci\u00f3n del fraude<\/li>\n<li>El desempleo sube en 76.216 personas en enero<\/li>\n<li>El Gobierno negocia la implantaci\u00f3n un proyecto piloto para la jornada laboral de 4 d\u00edas<\/li>\n<li>Enero finaliza con 739.000 trabajadores en ERTE, 35.000 m\u00e1s que en diciembre<\/li>\n<li>Los registradores quieren proteger las grabaciones de audio y video de las Juntas telem\u00e1ticas<\/li>\n<li>Crear una sociedad con solo un Euro de capital social<\/li>\n<\/ul>\n","protected":false},"featured_media":0,"template":"","tipo_articulo":[3191],"ambito_geografico":[],"boletin":[4444],"class_list":["post-34001","noticias_boletin","type-noticias_boletin","status-publish","hentry","tipo_articulo-se-dice-que","boletin-septiembre-2024"],"acf":[],"_links":{"self":[{"href":"https:\/\/www.lksnext.com\/es\/wp-json\/wp\/v2\/noticias_boletin\/34001","targetHints":{"allow":["GET"]}}],"collection":[{"href":"https:\/\/www.lksnext.com\/es\/wp-json\/wp\/v2\/noticias_boletin"}],"about":[{"href":"https:\/\/www.lksnext.com\/es\/wp-json\/wp\/v2\/types\/noticias_boletin"}],"wp:attachment":[{"href":"https:\/\/www.lksnext.com\/es\/wp-json\/wp\/v2\/media?parent=34001"}],"wp:term":[{"taxonomy":"tipo_articulo","embeddable":true,"href":"https:\/\/www.lksnext.com\/es\/wp-json\/wp\/v2\/tipo_articulo?post=34001"},{"taxonomy":"ambito_geografico","embeddable":true,"href":"https:\/\/www.lksnext.com\/es\/wp-json\/wp\/v2\/ambito_geografico?post=34001"},{"taxonomy":"boletin","embeddable":true,"href":"https:\/\/www.lksnext.com\/es\/wp-json\/wp\/v2\/boletin?post=34001"}],"curies":[{"name":"wp","href":"https:\/\/api.w.org\/{rel}","templated":true}]}}