{"id":34003,"date":"2024-10-04T11:47:40","date_gmt":"2024-10-04T09:47:40","guid":{"rendered":"https:\/\/www.lksnext.com\/es\/?post_type=noticias_boletin&#038;p=34003"},"modified":"2024-10-04T11:47:40","modified_gmt":"2024-10-04T09:47:40","slug":"reforma-del-et-y-la-lgss-por-incapacidad-permanente","status":"publish","type":"noticias_boletin","link":"https:\/\/www.lksnext.com\/es\/noticias_boletin\/reforma-del-et-y-la-lgss-por-incapacidad-permanente\/","title":{"rendered":"Reforma del ET y la LGSS por incapacidad permanente"},"content":{"rendered":"<p>El Proyecto de Ley introduce varias modificaciones clave en el Estatuto de los Trabajadores y la Ley General de la Seguridad Social en materia de extinci\u00f3n del contrato por incapacidad permanente.<\/p>\n<p>En primer lugar, se modifica el art\u00edculo 49.1.e) para que la extinci\u00f3n del contrato de trabajo por \u00abgran invalidez o incapacidad permanente total o absoluta\u00bb pase a una nueva letra n), reservando la letra e) exclusivamente para la \u00abmuerte de la persona trabajadora\u00bb.<\/p>\n<p>Adem\u00e1s, la nueva letra n) establece que la extinci\u00f3n del contrato por incapacidad permanente absoluta o total, o por el reconocimiento del complemento de asistencia de tercera persona, depender\u00e1 de la voluntad del trabajador y de la viabilidad de realizar ajustes razonables. Esta disposici\u00f3n tambi\u00e9n detalla c\u00f3mo determinar si dichos ajustes implican una carga excesiva para la empresa.<\/p>\n<p>Finalmente, el art\u00edculo segundo modifica el art\u00edculo 174 de la Ley General de la Seguridad Social, a\u00f1adiendo un nuevo apartado 5 para adaptar la prolongaci\u00f3n de los efectos econ\u00f3micos de la incapacidad temporal y las pensiones de incapacidad permanente a las nuevas disposiciones del art\u00edculo 49 del Estatuto de los Trabajadores.<\/p>\n","protected":false},"excerpt":{"rendered":"<ul>\n<li>Datos de recaudaci\u00f3n<\/li>\n<li>Acuerdo internacional sobre fiscalidad digital<\/li>\n<li>Hacienda ultima el reglamento del IRPF para adaptar las subidas y las reducciones de planes de pensiones<\/li>\n<li>Administraci\u00f3n Digital Integral (ADI)<\/li>\n<li>Ventas en Gipuzkoa<\/li>\n<li>Medidas en torno al alquiler<\/li>\n<li>Reforma fiscal en torno al autom\u00f3vil<\/li>\n<li>Proyecto de Ley Org\u00e1nica de Protecci\u00f3n de Datos Personales tratados para fines de prevenci\u00f3n, detecci\u00f3n, investigaci\u00f3n y enjuiciamiento de infracciones penales y de ejecuci\u00f3n de sanciones penales<\/li>\n<li>Propuesta de reforma para la Ley Concursal<\/li>\n<li>El Gobierno Central ultima medidas de solvencia y plantea que parte de su coste lo asuma la banca<\/li>\n<li>El Gobierno reformar\u00e1 el marco legal para poder aumentar las ayudas directas a aut\u00f3nomos y empresas<\/li>\n<li>Creaci\u00f3n de una aplicaci\u00f3n para el c\u00e1lculo de los plazos de duraci\u00f3n de un expediente de contrataci\u00f3n administrativa hasta su formalizaci\u00f3n<\/li>\n<li>El Gobierno Vasco impulsa el programa Azpitek para actualizar el equipamiento cient\u00edfico-t\u00e9cnico de las empresas vascas<\/li>\n<li>La ley \u201cRider\u201d dar\u00e1 tres meses a las empresas para dar de alta a sus trabajadores<\/li>\n<li>El incremento salarial medio pactado en convenio comienza el a\u00f1o con un 1,44%<\/li>\n<li>Se aprueba un proyecto de reglamento que permitir\u00eda, utilizar algoritmos a la Inspecci\u00f3n de Trabajo y la Seguridad Social para la detecci\u00f3n del fraude<\/li>\n<li>El desempleo sube en 76.216 personas en enero<\/li>\n<li>El Gobierno negocia la implantaci\u00f3n un proyecto piloto para la jornada laboral de 4 d\u00edas<\/li>\n<li>Enero finaliza con 739.000 trabajadores en ERTE, 35.000 m\u00e1s que en diciembre<\/li>\n<li>Los registradores quieren proteger las grabaciones de audio y video de las Juntas telem\u00e1ticas<\/li>\n<li>Crear una sociedad con solo un Euro de capital social<\/li>\n<\/ul>\n","protected":false},"featured_media":0,"template":"","tipo_articulo":[3191],"ambito_geografico":[],"boletin":[4444],"class_list":["post-34003","noticias_boletin","type-noticias_boletin","status-publish","hentry","tipo_articulo-se-dice-que","boletin-septiembre-2024"],"acf":[],"_links":{"self":[{"href":"https:\/\/www.lksnext.com\/es\/wp-json\/wp\/v2\/noticias_boletin\/34003","targetHints":{"allow":["GET"]}}],"collection":[{"href":"https:\/\/www.lksnext.com\/es\/wp-json\/wp\/v2\/noticias_boletin"}],"about":[{"href":"https:\/\/www.lksnext.com\/es\/wp-json\/wp\/v2\/types\/noticias_boletin"}],"wp:attachment":[{"href":"https:\/\/www.lksnext.com\/es\/wp-json\/wp\/v2\/media?parent=34003"}],"wp:term":[{"taxonomy":"tipo_articulo","embeddable":true,"href":"https:\/\/www.lksnext.com\/es\/wp-json\/wp\/v2\/tipo_articulo?post=34003"},{"taxonomy":"ambito_geografico","embeddable":true,"href":"https:\/\/www.lksnext.com\/es\/wp-json\/wp\/v2\/ambito_geografico?post=34003"},{"taxonomy":"boletin","embeddable":true,"href":"https:\/\/www.lksnext.com\/es\/wp-json\/wp\/v2\/boletin?post=34003"}],"curies":[{"name":"wp","href":"https:\/\/api.w.org\/{rel}","templated":true}]}}