{"id":34030,"date":"2024-10-04T11:47:33","date_gmt":"2024-10-04T09:47:33","guid":{"rendered":"https:\/\/www.lksnext.com\/es\/?post_type=noticias_boletin&#038;p=34030"},"modified":"2024-10-04T11:47:33","modified_gmt":"2024-10-04T09:47:33","slug":"editorial-septiembre-2024","status":"publish","type":"noticias_boletin","link":"https:\/\/www.lksnext.com\/es\/noticias_boletin\/editorial-septiembre-2024\/","title":{"rendered":"EDITORIAL SEPTIEMBRE 2024"},"content":{"rendered":"<p>Recientemente la prensa se ha hecho eco de la puesta en marcha del Hub de Vanguardia para el impulso de la econom\u00eda social. En la noticia se indicaba que el Hub iba a tener su sede en Donostia-San Sebasti\u00e1n y que iba a contar con un presupuesto de un mill\u00f3n y medio de euros. Pues bien, el 25 de septiembre el Bolet\u00edn Oficial del Estado ha publicado el Real Decreto 959\/2024 de 24 de septiembre por el que se regula la concesi\u00f3n directa de una subvenci\u00f3n a la Confederaci\u00f3n Empresarial Espa\u00f1ola de la Econom\u00eda Social (CEPES) dentro del Plan Integral de Impulso a la Econom\u00eda Social para la generaci\u00f3n de un tejido econ\u00f3mico, inclusivo y sostenible, en el marco del Plan de Recuperaci\u00f3n, Transformaci\u00f3n y Resiliencia, que regula la creaci\u00f3n de dicho Hub, aunque en su texto no se mencione expresamente la sede f\u00edsica en la que se va a ubicar finalmente.<\/p>\n<p>En dicho Decreto se configura el Hub como instrumento para el impulso de un ecosistema alternativo y especializado en construir \u201cuna nueva econom\u00eda justa, sostenible y equitativa\u201d. En concreto, se declara que su objetivo reside en la creaci\u00f3n de un Centro de Pensamiento que estudie el papel de las empresas de econom\u00eda social para reducir las desigualdades e integrar laboralmente a las personas con capacidades diversas, establecer un Centro de Prospectiva para el intercambio de conocimiento en red entre empresas, instituciones y centros de conocimiento, y, por \u00faltimo, impulsar un Laboratorio social de Ideas que sirva para extender buenas pr\u00e1cticas en econom\u00eda social, fomente el emprendimiento y la competitividad del sector. Se aspira con todo ello a que la econom\u00eda social sea objeto de estudio en dicho Hub mediante la colaboraci\u00f3n en red de universidades, organismos internacionales y empresas que hayan venido realizando en las \u00faltimas d\u00e9cadas trabajos e investigaciones en el campo de la econom\u00eda social. Se atribuye a la Confederaci\u00f3n Empresarial Espa\u00f1ola de la Econom\u00eda Social (CEPES) la condici\u00f3n de entidad beneficiaria de la subvenci\u00f3n a fin de que gestione, en base a su acreditada trayectoria y larga experiencia en este campo, la responsabilidad de organizar la utilizaci\u00f3n de los recursos econ\u00f3micos disponibles para conseguir impulsar la econom\u00eda social en sus distintas versiones.<\/p>\n<p>Se abre as\u00ed la oportunidad para que este centro de reflexi\u00f3n lleve a cabo una labor de impulso de la econom\u00eda social que traslade este tipo de organizaciones a un mayor n\u00famero de empresas y entidades. En el momento actual en el que la Uni\u00f3n Europea necesita impulsar el desarrollo de infraestructuras y transportes sostenibles, as\u00ed como su reindustrializaci\u00f3n, resulta necesario que estas nuevas estructuras empresariales se inspiren en los principios de la econom\u00eda social. La organizaci\u00f3n de congresos, jornadas, seminarios y meetings nacionales e internacionales son el veh\u00edculo id\u00f3neo para que la econom\u00eda social pueda extender su modelo de \u00e9xito. Y, nos parece una excelente noticia que dicho centro se ubique en Donostia, ya que va a posibilitar que vayan a tener lugar en nuestro entorno importantes iniciativas de toda \u00edndole enfocadas a conseguir un mayor impulso de la econom\u00eda social.<\/p>\n<p>Esperemos que la creaci\u00f3n de este Hub logre el \u00e9xito que merece. En este sentido, animamos a todos los agentes del mundo de la econom\u00eda social a proponer y a participar en todas las actividades que se promuevan en este nuevo centro. Todo ello har\u00e1 posible que la econom\u00eda social alcance una mayor dimensi\u00f3n en el mercado y que sus postulados est\u00e9n cada vez m\u00e1s presentes en la organizaci\u00f3n de las entidades que llevan a cabo actividades empresariales.<\/p>\n<p>&nbsp;<\/p>\n<p>&nbsp;<\/p>\n","protected":false},"excerpt":{"rendered":"<p>Recientemente la prensa se ha hecho eco de la puesta en marcha del Hub de Vanguardia para el impulso de la econom\u00eda social. En la noticia se indicaba que el Hub iba a tener su sede en Donostia-San Sebasti\u00e1n y que iba a contar con un presupuesto de un mill\u00f3n y medio de euros.<\/p>\n","protected":false},"featured_media":0,"template":"","tipo_articulo":[3184],"ambito_geografico":[],"boletin":[4444],"class_list":["post-34030","noticias_boletin","type-noticias_boletin","status-publish","hentry","tipo_articulo-editorial","boletin-septiembre-2024"],"acf":[],"_links":{"self":[{"href":"https:\/\/www.lksnext.com\/es\/wp-json\/wp\/v2\/noticias_boletin\/34030","targetHints":{"allow":["GET"]}}],"collection":[{"href":"https:\/\/www.lksnext.com\/es\/wp-json\/wp\/v2\/noticias_boletin"}],"about":[{"href":"https:\/\/www.lksnext.com\/es\/wp-json\/wp\/v2\/types\/noticias_boletin"}],"wp:attachment":[{"href":"https:\/\/www.lksnext.com\/es\/wp-json\/wp\/v2\/media?parent=34030"}],"wp:term":[{"taxonomy":"tipo_articulo","embeddable":true,"href":"https:\/\/www.lksnext.com\/es\/wp-json\/wp\/v2\/tipo_articulo?post=34030"},{"taxonomy":"ambito_geografico","embeddable":true,"href":"https:\/\/www.lksnext.com\/es\/wp-json\/wp\/v2\/ambito_geografico?post=34030"},{"taxonomy":"boletin","embeddable":true,"href":"https:\/\/www.lksnext.com\/es\/wp-json\/wp\/v2\/boletin?post=34030"}],"curies":[{"name":"wp","href":"https:\/\/api.w.org\/{rel}","templated":true}]}}