{"id":34435,"date":"2024-11-04T11:06:37","date_gmt":"2024-11-04T10:06:37","guid":{"rendered":"https:\/\/www.lksnext.com\/es\/?post_type=noticias_boletin&#038;p=34435"},"modified":"2024-11-04T11:06:37","modified_gmt":"2024-11-04T10:06:37","slug":"ura-la-diputacion-foral-de-gipuzkoa-y-gipuzkoako-urak-firman-un-convenio-de-colaboracion-para-construir-un-nuevo-tramo-del-colector-de-saneamiento-de-antzuola","status":"publish","type":"noticias_boletin","link":"https:\/\/www.lksnext.com\/es\/noticias_boletin\/ura-la-diputacion-foral-de-gipuzkoa-y-gipuzkoako-urak-firman-un-convenio-de-colaboracion-para-construir-un-nuevo-tramo-del-colector-de-saneamiento-de-antzuola\/","title":{"rendered":"URA, la Diputaci\u00f3n Foral De Gipuzkoa y Gipuzkoako Urak firman un convenio de colaboraci\u00f3n para construir un nuevo tramo del colector de saneamiento de Antzuola"},"content":{"rendered":"<p>URA, la Diputaci\u00f3n Foral de Gipuzkoa y Gipuzkoako Urak han firmado hoy un convenio de colaboraci\u00f3n para construir la fase III fase del colector de saneamiento de Antzuola. Se concretan as\u00ed los t\u00e9rminos en los que la Agencia Vasca del Agua, el Consorcio de Aguas de Gipuzkoa y la Diputaci\u00f3n Foral de Gipuzkoa colaborar\u00e1n en la ejecuci\u00f3n de\u00a0 las\u00a0 actuaciones que se recogen en el llamado Proyecto de construcci\u00f3n de la fase III de la v\u00eda ciclista-peatonal Antzuola-Bergara (itinerario n\u00ba 4.1: Bergara-Antzuola, 04 020F tramo) y del colector de saneamiento de Antzuola.<\/p>\n<p>Es decir, las tres instituciones han elaborado un proyecto conjunto para ejecutar tanto un nuevo tramo del colector de aguas residuales de Antzuola, como un nuevo tramo de la v\u00eda ciclista-peatonal Antzuola-Bergara. Este proyecto conjunto que a su vez ha requerido la colaboraci\u00f3n del Ayuntamiento de Bergara, dado que el proyecto se ha ajustado a su planeamiento urban\u00edstico.<\/p>\n<p>En la firma del convenio celebrado hoy en el Palacio de la Diputaci\u00f3n Foral de Gipuzkoa han participado Antonio Aiz Salazar, Director General de la Agencia Vasca del Agua; Jos\u00e9 Ignacio Asensio Bazterra, Diputado del Departamento de Sostenibilidad de la Diputaci\u00f3n Foral de Gipuzkoa; y Leire Artola Ugalde Presidenta del Consorcio de Aguas de Gipuzkoa.<\/p>\n<p>La actuaci\u00f3n permitir\u00e1 recoger todos los vertidos residuales e industriales del municipio de Antzuola, actualmente vertidos al propio r\u00edo en las proximidades de Matz-Erreka y conectarlos con el interceptor del Deba medio en Bergara (en las proximidades de la confluencia del r\u00edo Antzuola con el r\u00edo Deba). Lo que permitir\u00e1 conducirlos a la E.D.A.R. de Mekoalde, donde se proceder\u00e1 a su correcto tratamiento, previo al vertido al cauce.<\/p>\n","protected":false},"excerpt":{"rendered":"<ul>\n<li>Datos de recaudaci\u00f3n<\/li>\n<li>Acuerdo internacional sobre fiscalidad digital<\/li>\n<li>Hacienda ultima el reglamento del IRPF para adaptar las subidas y las reducciones de planes de pensiones<\/li>\n<li>Administraci\u00f3n Digital Integral (ADI)<\/li>\n<li>Ventas en Gipuzkoa<\/li>\n<li>Medidas en torno al alquiler<\/li>\n<li>Reforma fiscal en torno al autom\u00f3vil<\/li>\n<li>Proyecto de Ley Org\u00e1nica de Protecci\u00f3n de Datos Personales tratados para fines de prevenci\u00f3n, detecci\u00f3n, investigaci\u00f3n y enjuiciamiento de infracciones penales y de ejecuci\u00f3n de sanciones penales<\/li>\n<li>Propuesta de reforma para la Ley Concursal<\/li>\n<li>El Gobierno Central ultima medidas de solvencia y plantea que parte de su coste lo asuma la banca<\/li>\n<li>El Gobierno reformar\u00e1 el marco legal para poder aumentar las ayudas directas a aut\u00f3nomos y empresas<\/li>\n<li>Creaci\u00f3n de una aplicaci\u00f3n para el c\u00e1lculo de los plazos de duraci\u00f3n de un expediente de contrataci\u00f3n administrativa hasta su formalizaci\u00f3n<\/li>\n<li>El Gobierno Vasco impulsa el programa Azpitek para actualizar el equipamiento cient\u00edfico-t\u00e9cnico de las empresas vascas<\/li>\n<li>La ley \u201cRider\u201d dar\u00e1 tres meses a las empresas para dar de alta a sus trabajadores<\/li>\n<li>El incremento salarial medio pactado en convenio comienza el a\u00f1o con un 1,44%<\/li>\n<li>Se aprueba un proyecto de reglamento que permitir\u00eda, utilizar algoritmos a la Inspecci\u00f3n de Trabajo y la Seguridad Social para la detecci\u00f3n del fraude<\/li>\n<li>El desempleo sube en 76.216 personas en enero<\/li>\n<li>El Gobierno negocia la implantaci\u00f3n un proyecto piloto para la jornada laboral de 4 d\u00edas<\/li>\n<li>Enero finaliza con 739.000 trabajadores en ERTE, 35.000 m\u00e1s que en diciembre<\/li>\n<li>Los registradores quieren proteger las grabaciones de audio y video de las Juntas telem\u00e1ticas<\/li>\n<li>Crear una sociedad con solo un Euro de capital social<\/li>\n<\/ul>\n","protected":false},"featured_media":0,"template":"","tipo_articulo":[3191],"ambito_geografico":[],"boletin":[4445],"class_list":["post-34435","noticias_boletin","type-noticias_boletin","status-publish","hentry","tipo_articulo-se-dice-que","boletin-octubre-2024"],"acf":[],"_links":{"self":[{"href":"https:\/\/www.lksnext.com\/es\/wp-json\/wp\/v2\/noticias_boletin\/34435","targetHints":{"allow":["GET"]}}],"collection":[{"href":"https:\/\/www.lksnext.com\/es\/wp-json\/wp\/v2\/noticias_boletin"}],"about":[{"href":"https:\/\/www.lksnext.com\/es\/wp-json\/wp\/v2\/types\/noticias_boletin"}],"wp:attachment":[{"href":"https:\/\/www.lksnext.com\/es\/wp-json\/wp\/v2\/media?parent=34435"}],"wp:term":[{"taxonomy":"tipo_articulo","embeddable":true,"href":"https:\/\/www.lksnext.com\/es\/wp-json\/wp\/v2\/tipo_articulo?post=34435"},{"taxonomy":"ambito_geografico","embeddable":true,"href":"https:\/\/www.lksnext.com\/es\/wp-json\/wp\/v2\/ambito_geografico?post=34435"},{"taxonomy":"boletin","embeddable":true,"href":"https:\/\/www.lksnext.com\/es\/wp-json\/wp\/v2\/boletin?post=34435"}],"curies":[{"name":"wp","href":"https:\/\/api.w.org\/{rel}","templated":true}]}}