{"id":34461,"date":"2024-11-04T11:05:43","date_gmt":"2024-11-04T10:05:43","guid":{"rendered":"https:\/\/www.lksnext.com\/es\/?post_type=noticias_boletin&#038;p=34461"},"modified":"2024-11-04T11:05:43","modified_gmt":"2024-11-04T10:05:43","slug":"aenor-y-microsoft-firman-un-acuerdo-de-colaboracion-para-trabajar-en-una-certificacion-sobre-la-ia-etica-y-responsable","status":"publish","type":"noticias_boletin","link":"https:\/\/www.lksnext.com\/es\/noticias_boletin\/aenor-y-microsoft-firman-un-acuerdo-de-colaboracion-para-trabajar-en-una-certificacion-sobre-la-ia-etica-y-responsable\/","title":{"rendered":"AENOR y Microsoft firman un acuerdo de colaboraci\u00f3n para trabajar en una certificaci\u00f3n sobre la IA \u00c9tica y Responsable"},"content":{"rendered":"<p>AENOR y Microsoft han formalizado un acuerdo de colaboraci\u00f3n con el fin de impulsar el uso \u00e9tico y responsable de la Inteligencia Artificial (en adelante \u201cIA\u201d) mediante la creaci\u00f3n de una certificaci\u00f3n espec\u00edfica<a href=\"#_ftn1\" name=\"_ftnref1\">[1]<\/a>. El prop\u00f3sito es asegurar que las soluciones de IA cumplan con principios \u00e9ticos robustos, garantizando transparencia, seguridad, y respeto a los derechos fundamentales. La iniciativa de AENOR y Microsoft pretende alinearse con los principios y est\u00e1ndares \u00e9ticos contenidos en el Reglamento Europeo de Inteligencia Artificial (en adelante, \u201cRIA\u201d).<\/p>\n<p>El est\u00e1ndar desarrollado de manera conjunta por AENOR y Microsoft se basar\u00e1 en las normas ISO\/IEC 42001 &#8211; Sistema de gesti\u00f3n de la IA e ISO\/IEC TR 24368:2022 &#8211; Aspectos Sociales y \u00c9ticos en la IA, que proporcionan un marco para la gesti\u00f3n de riesgos asociados con la IA. La intenci\u00f3n de ambas organizaciones es que la nueva certificaci\u00f3n no solo mida aspectos t\u00e9cnicos, como la seguridad y la calidad de los algoritmos, sino que tambi\u00e9n se centre en valores como la transparencia, la protecci\u00f3n de los derechos fundamentales y la no discriminaci\u00f3n.<\/p>\n<p><a href=\"#_ftnref1\" name=\"_ftn1\">[1]<\/a> . <a href=\"https:\/\/news.microsoft.com\/es-es\/2024\/09\/24\/aenor-firma-un-acuerdo-de-colaboracion-con-microsoft-para-impulsar-el-uso-de-la-ia-y-trabajar-en-una-certificacion-para-la-ia-etica-y-responsable\/\"><strong>https:\/\/news.microsoft.com\/es-es\/2024\/09\/24\/aenor-firma-un-acuerdo-de-colaboracion-con-microsoft-para-impulsar-el-uso-de-la-ia-y-trabajar-en-una-certificacion-para-la-ia-etica-y-responsable\/<\/strong><\/a><\/p>\n","protected":false},"excerpt":{"rendered":"<ul>\n<li>Datos de recaudaci\u00f3n<\/li>\n<li>Acuerdo internacional sobre fiscalidad digital<\/li>\n<li>Hacienda ultima el reglamento del IRPF para adaptar las subidas y las reducciones de planes de pensiones<\/li>\n<li>Administraci\u00f3n Digital Integral (ADI)<\/li>\n<li>Ventas en Gipuzkoa<\/li>\n<li>Medidas en torno al alquiler<\/li>\n<li>Reforma fiscal en torno al autom\u00f3vil<\/li>\n<li>Proyecto de Ley Org\u00e1nica de Protecci\u00f3n de Datos Personales tratados para fines de prevenci\u00f3n, detecci\u00f3n, investigaci\u00f3n y enjuiciamiento de infracciones penales y de ejecuci\u00f3n de sanciones penales<\/li>\n<li>Propuesta de reforma para la Ley Concursal<\/li>\n<li>El Gobierno Central ultima medidas de solvencia y plantea que parte de su coste lo asuma la banca<\/li>\n<li>El Gobierno reformar\u00e1 el marco legal para poder aumentar las ayudas directas a aut\u00f3nomos y empresas<\/li>\n<li>Creaci\u00f3n de una aplicaci\u00f3n para el c\u00e1lculo de los plazos de duraci\u00f3n de un expediente de contrataci\u00f3n administrativa hasta su formalizaci\u00f3n<\/li>\n<li>El Gobierno Vasco impulsa el programa Azpitek para actualizar el equipamiento cient\u00edfico-t\u00e9cnico de las empresas vascas<\/li>\n<li>La ley \u201cRider\u201d dar\u00e1 tres meses a las empresas para dar de alta a sus trabajadores<\/li>\n<li>El incremento salarial medio pactado en convenio comienza el a\u00f1o con un 1,44%<\/li>\n<li>Se aprueba un proyecto de reglamento que permitir\u00eda, utilizar algoritmos a la Inspecci\u00f3n de Trabajo y la Seguridad Social para la detecci\u00f3n del fraude<\/li>\n<li>El desempleo sube en 76.216 personas en enero<\/li>\n<li>El Gobierno negocia la implantaci\u00f3n un proyecto piloto para la jornada laboral de 4 d\u00edas<\/li>\n<li>Enero finaliza con 739.000 trabajadores en ERTE, 35.000 m\u00e1s que en diciembre<\/li>\n<li>Los registradores quieren proteger las grabaciones de audio y video de las Juntas telem\u00e1ticas<\/li>\n<li>Crear una sociedad con solo un Euro de capital social<\/li>\n<\/ul>\n","protected":false},"featured_media":0,"template":"","tipo_articulo":[3191],"ambito_geografico":[],"boletin":[4445],"class_list":["post-34461","noticias_boletin","type-noticias_boletin","status-publish","hentry","tipo_articulo-se-dice-que","boletin-octubre-2024"],"acf":[],"_links":{"self":[{"href":"https:\/\/www.lksnext.com\/es\/wp-json\/wp\/v2\/noticias_boletin\/34461","targetHints":{"allow":["GET"]}}],"collection":[{"href":"https:\/\/www.lksnext.com\/es\/wp-json\/wp\/v2\/noticias_boletin"}],"about":[{"href":"https:\/\/www.lksnext.com\/es\/wp-json\/wp\/v2\/types\/noticias_boletin"}],"wp:attachment":[{"href":"https:\/\/www.lksnext.com\/es\/wp-json\/wp\/v2\/media?parent=34461"}],"wp:term":[{"taxonomy":"tipo_articulo","embeddable":true,"href":"https:\/\/www.lksnext.com\/es\/wp-json\/wp\/v2\/tipo_articulo?post=34461"},{"taxonomy":"ambito_geografico","embeddable":true,"href":"https:\/\/www.lksnext.com\/es\/wp-json\/wp\/v2\/ambito_geografico?post=34461"},{"taxonomy":"boletin","embeddable":true,"href":"https:\/\/www.lksnext.com\/es\/wp-json\/wp\/v2\/boletin?post=34461"}],"curies":[{"name":"wp","href":"https:\/\/api.w.org\/{rel}","templated":true}]}}