{"id":35051,"date":"2025-01-09T17:37:46","date_gmt":"2025-01-09T16:37:46","guid":{"rendered":"https:\/\/www.lksnext.com\/es\/?post_type=noticias_boletin&#038;p=35051"},"modified":"2025-01-09T17:37:46","modified_gmt":"2025-01-09T16:37:46","slug":"el-desafio-del-greenwashing-analisis-del-panorama-regulatorio-internacional","status":"publish","type":"noticias_boletin","link":"https:\/\/www.lksnext.com\/es\/noticias_boletin\/el-desafio-del-greenwashing-analisis-del-panorama-regulatorio-internacional\/","title":{"rendered":"El desaf\u00edo del greenwashing: an\u00e1lisis del panorama regulatorio internacional"},"content":{"rendered":"<p>El uso de t\u00e9rminos relacionados con la sostenibilidad en campa\u00f1as publicitarias es cada vez m\u00e1s frecuente, pero muchas veces no est\u00e1 debidamente respaldado, lo que puede derivar en acusaciones de <em>greenwashing<\/em>. Este fen\u00f3meno consiste en aparentar un mayor compromiso ambiental del real y puede tener consecuencias legales y reputacionales.<\/p>\n<p>El marco regulatorio para prevenir el <em>greenwashing<\/em> var\u00eda entre jurisdicciones. En la Uni\u00f3n Europea, se han propuesto directivas como la \u00abGreen Claims Directive\u00bb y la \u00abDirective on Empowering Consumers for the Green Transition\u00bb para combatir estas pr\u00e1cticas mediante reglas claras y verificaciones externas. En Espa\u00f1a, aunque no hay una normativa espec\u00edfica a\u00fan, leyes de protecci\u00f3n al consumidor, competencia y c\u00f3digos de autorregulaci\u00f3n ya abordan el tema parcialmente. Estas normativas se fortalecer\u00e1n con la transposici\u00f3n de las directivas europeas.<\/p>\n<p>En sectores como el financiero, tanto en Europa como en Espa\u00f1a, el <em>greenwashing<\/em> es una prioridad supervisora. Las empresas deben mantener la transparencia y veracidad en sus afirmaciones ambientales para proteger su reputaci\u00f3n, cumplir con la normativa y apoyar la transici\u00f3n hacia una econom\u00eda descarbonizada.<\/p>\n","protected":false},"excerpt":{"rendered":"<ul>\n<li>Datos de recaudaci\u00f3n<\/li>\n<li>Acuerdo internacional sobre fiscalidad digital<\/li>\n<li>Hacienda ultima el reglamento del IRPF para adaptar las subidas y las reducciones de planes de pensiones<\/li>\n<li>Administraci\u00f3n Digital Integral (ADI)<\/li>\n<li>Ventas en Gipuzkoa<\/li>\n<li>Medidas en torno al alquiler<\/li>\n<li>Reforma fiscal en torno al autom\u00f3vil<\/li>\n<li>Proyecto de Ley Org\u00e1nica de Protecci\u00f3n de Datos Personales tratados para fines de prevenci\u00f3n, detecci\u00f3n, investigaci\u00f3n y enjuiciamiento de infracciones penales y de ejecuci\u00f3n de sanciones penales<\/li>\n<li>Propuesta de reforma para la Ley Concursal<\/li>\n<li>El Gobierno Central ultima medidas de solvencia y plantea que parte de su coste lo asuma la banca<\/li>\n<li>El Gobierno reformar\u00e1 el marco legal para poder aumentar las ayudas directas a aut\u00f3nomos y empresas<\/li>\n<li>Creaci\u00f3n de una aplicaci\u00f3n para el c\u00e1lculo de los plazos de duraci\u00f3n de un expediente de contrataci\u00f3n administrativa hasta su formalizaci\u00f3n<\/li>\n<li>El Gobierno Vasco impulsa el programa Azpitek para actualizar el equipamiento cient\u00edfico-t\u00e9cnico de las empresas vascas<\/li>\n<li>La ley \u201cRider\u201d dar\u00e1 tres meses a las empresas para dar de alta a sus trabajadores<\/li>\n<li>El incremento salarial medio pactado en convenio comienza el a\u00f1o con un 1,44%<\/li>\n<li>Se aprueba un proyecto de reglamento que permitir\u00eda, utilizar algoritmos a la Inspecci\u00f3n de Trabajo y la Seguridad Social para la detecci\u00f3n del fraude<\/li>\n<li>El desempleo sube en 76.216 personas en enero<\/li>\n<li>El Gobierno negocia la implantaci\u00f3n un proyecto piloto para la jornada laboral de 4 d\u00edas<\/li>\n<li>Enero finaliza con 739.000 trabajadores en ERTE, 35.000 m\u00e1s que en diciembre<\/li>\n<li>Los registradores quieren proteger las grabaciones de audio y video de las Juntas telem\u00e1ticas<\/li>\n<li>Crear una sociedad con solo un Euro de capital social<\/li>\n<\/ul>\n","protected":false},"featured_media":0,"template":"","tipo_articulo":[3191],"ambito_geografico":[],"boletin":[4447],"class_list":["post-35051","noticias_boletin","type-noticias_boletin","status-publish","hentry","tipo_articulo-se-dice-que","boletin-diciembre-2024"],"acf":[],"_links":{"self":[{"href":"https:\/\/www.lksnext.com\/es\/wp-json\/wp\/v2\/noticias_boletin\/35051","targetHints":{"allow":["GET"]}}],"collection":[{"href":"https:\/\/www.lksnext.com\/es\/wp-json\/wp\/v2\/noticias_boletin"}],"about":[{"href":"https:\/\/www.lksnext.com\/es\/wp-json\/wp\/v2\/types\/noticias_boletin"}],"wp:attachment":[{"href":"https:\/\/www.lksnext.com\/es\/wp-json\/wp\/v2\/media?parent=35051"}],"wp:term":[{"taxonomy":"tipo_articulo","embeddable":true,"href":"https:\/\/www.lksnext.com\/es\/wp-json\/wp\/v2\/tipo_articulo?post=35051"},{"taxonomy":"ambito_geografico","embeddable":true,"href":"https:\/\/www.lksnext.com\/es\/wp-json\/wp\/v2\/ambito_geografico?post=35051"},{"taxonomy":"boletin","embeddable":true,"href":"https:\/\/www.lksnext.com\/es\/wp-json\/wp\/v2\/boletin?post=35051"}],"curies":[{"name":"wp","href":"https:\/\/api.w.org\/{rel}","templated":true}]}}