{"id":35507,"date":"2025-03-05T09:00:47","date_gmt":"2025-03-05T08:00:47","guid":{"rendered":"https:\/\/www.lksnext.com\/es\/?post_type=noticias_boletin&#038;p=35507"},"modified":"2025-03-05T09:00:47","modified_gmt":"2025-03-05T08:00:47","slug":"los-contribuyentes-forales-podran-aplicar-plenamente-el-sistema-de-iva-diferido-a-la-importacion","status":"publish","type":"noticias_boletin","link":"https:\/\/www.lksnext.com\/es\/noticias_boletin\/los-contribuyentes-forales-podran-aplicar-plenamente-el-sistema-de-iva-diferido-a-la-importacion\/","title":{"rendered":"Los contribuyentes forales podr\u00e1n aplicar plenamente el sistema de IVA diferido a la importaci\u00f3n"},"content":{"rendered":"<p>El 6 de febrero de 2025, la Comisi\u00f3n Mixta del Concierto Econ\u00f3mico (CMCE) aprob\u00f3 una modificaci\u00f3n del Concierto Econ\u00f3mico para que los contribuyentes forales puedan aplicar el sistema de IVA diferido en las mismas condiciones que los contribuyentes de normativa com\u00fan. Esto es muy importante para muchas empresas forales, ya que les permitir\u00e1 acceder plenamente a las ventajas financieras del IVA diferido a la importaci\u00f3n.<\/p>\n<p>Los antecedentes al respecto son los siguientes:<\/p>\n<ul>\n<li><strong>2015:<\/strong> se introduce el sistema de IVA diferido a la importaci\u00f3n, permitiendo incluir las cuotas de IVA en la declaraci\u00f3n peri\u00f3dica.<\/li>\n<li><strong>Inicialmente:<\/strong> solo las empresas que tributaban al Estado pod\u00edan beneficiarse completamente de este sistema.<\/li>\n<li><strong>2016:<\/strong> el Tribunal Supremo considera que la exclusi\u00f3n de las empresas forales es una discriminaci\u00f3n injustificada.<\/li>\n<li><strong>2018:<\/strong> avances permiten que las empresas forales opten por ingresar el IVA mediante una autoliquidaci\u00f3n peri\u00f3dica ante la Administraci\u00f3n del Estado, aunque deb\u00edan seguir gestionando las deducciones con sus administraciones forales.<\/li>\n<\/ul>\n<p>El acuerdo permitir\u00e1 que los contribuyentes forales no soporten la carga financiera del IVA a la importaci\u00f3n para su posterior recuperaci\u00f3n en las autoliquidaciones forales. As\u00ed, las administraciones tributarias implantar\u00e1n mecanismos para que estos contribuyentes puedan incluir las cuotas de IVA devengado a la importaci\u00f3n en sus autoliquidaciones peri\u00f3dicas sin tener que gestionar autoliquidaciones adicionales con la Agencia Tributaria.<\/p>\n<p>En este sentido, todo indica que la implementaci\u00f3n de esta medida requerir\u00e1 la aprobaci\u00f3n de un proyecto de Ley de modificaci\u00f3n del Concierto Econ\u00f3mico y la adopci\u00f3n de medidas reglamentarias.<\/p>\n","protected":false},"excerpt":{"rendered":"<ul>\n<li>Datos de recaudaci\u00f3n<\/li>\n<li>Acuerdo internacional sobre fiscalidad digital<\/li>\n<li>Hacienda ultima el reglamento del IRPF para adaptar las subidas y las reducciones de planes de pensiones<\/li>\n<li>Administraci\u00f3n Digital Integral (ADI)<\/li>\n<li>Ventas en Gipuzkoa<\/li>\n<li>Medidas en torno al alquiler<\/li>\n<li>Reforma fiscal en torno al autom\u00f3vil<\/li>\n<li>Proyecto de Ley Org\u00e1nica de Protecci\u00f3n de Datos Personales tratados para fines de prevenci\u00f3n, detecci\u00f3n, investigaci\u00f3n y enjuiciamiento de infracciones penales y de ejecuci\u00f3n de sanciones penales<\/li>\n<li>Propuesta de reforma para la Ley Concursal<\/li>\n<li>El Gobierno Central ultima medidas de solvencia y plantea que parte de su coste lo asuma la banca<\/li>\n<li>El Gobierno reformar\u00e1 el marco legal para poder aumentar las ayudas directas a aut\u00f3nomos y empresas<\/li>\n<li>Creaci\u00f3n de una aplicaci\u00f3n para el c\u00e1lculo de los plazos de duraci\u00f3n de un expediente de contrataci\u00f3n administrativa hasta su formalizaci\u00f3n<\/li>\n<li>El Gobierno Vasco impulsa el programa Azpitek para actualizar el equipamiento cient\u00edfico-t\u00e9cnico de las empresas vascas<\/li>\n<li>La ley \u201cRider\u201d dar\u00e1 tres meses a las empresas para dar de alta a sus trabajadores<\/li>\n<li>El incremento salarial medio pactado en convenio comienza el a\u00f1o con un 1,44%<\/li>\n<li>Se aprueba un proyecto de reglamento que permitir\u00eda, utilizar algoritmos a la Inspecci\u00f3n de Trabajo y la Seguridad Social para la detecci\u00f3n del fraude<\/li>\n<li>El desempleo sube en 76.216 personas en enero<\/li>\n<li>El Gobierno negocia la implantaci\u00f3n un proyecto piloto para la jornada laboral de 4 d\u00edas<\/li>\n<li>Enero finaliza con 739.000 trabajadores en ERTE, 35.000 m\u00e1s que en diciembre<\/li>\n<li>Los registradores quieren proteger las grabaciones de audio y video de las Juntas telem\u00e1ticas<\/li>\n<li>Crear una sociedad con solo un Euro de capital social<\/li>\n<\/ul>\n","protected":false},"featured_media":0,"template":"","tipo_articulo":[3191],"ambito_geografico":[],"boletin":[4449],"class_list":["post-35507","noticias_boletin","type-noticias_boletin","status-publish","hentry","tipo_articulo-se-dice-que","boletin-febrero-2025"],"acf":[],"_links":{"self":[{"href":"https:\/\/www.lksnext.com\/es\/wp-json\/wp\/v2\/noticias_boletin\/35507","targetHints":{"allow":["GET"]}}],"collection":[{"href":"https:\/\/www.lksnext.com\/es\/wp-json\/wp\/v2\/noticias_boletin"}],"about":[{"href":"https:\/\/www.lksnext.com\/es\/wp-json\/wp\/v2\/types\/noticias_boletin"}],"wp:attachment":[{"href":"https:\/\/www.lksnext.com\/es\/wp-json\/wp\/v2\/media?parent=35507"}],"wp:term":[{"taxonomy":"tipo_articulo","embeddable":true,"href":"https:\/\/www.lksnext.com\/es\/wp-json\/wp\/v2\/tipo_articulo?post=35507"},{"taxonomy":"ambito_geografico","embeddable":true,"href":"https:\/\/www.lksnext.com\/es\/wp-json\/wp\/v2\/ambito_geografico?post=35507"},{"taxonomy":"boletin","embeddable":true,"href":"https:\/\/www.lksnext.com\/es\/wp-json\/wp\/v2\/boletin?post=35507"}],"curies":[{"name":"wp","href":"https:\/\/api.w.org\/{rel}","templated":true}]}}