{"id":36279,"date":"2025-06-05T15:17:11","date_gmt":"2025-06-05T13:17:11","guid":{"rendered":"https:\/\/www.lksnext.com\/es\/?post_type=noticias_boletin&#038;p=36279"},"modified":"2025-06-05T15:17:11","modified_gmt":"2025-06-05T13:17:11","slug":"el-supremo-aclara-que-la-politica-interna-de-desconexion-digital-es-obligatoria-para-las-empresas","status":"publish","type":"noticias_boletin","link":"https:\/\/www.lksnext.com\/es\/noticias_boletin\/el-supremo-aclara-que-la-politica-interna-de-desconexion-digital-es-obligatoria-para-las-empresas\/","title":{"rendered":"El Supremo aclara que la pol\u00edtica interna de desconexi\u00f3n digital es obligatoria para las empresas"},"content":{"rendered":"<p>El Alto Tribunal resuelve sobre un caso relativo a personas trabajadoras que prestan sus servicios en modalidad de teletrabajo. As\u00ed, analiza la regulaci\u00f3n aplicable en este supuesto en materia de derecho a la desconexi\u00f3n digital, recogida en el art\u00edculo 88 de la Ley Org\u00e1nica 3\/2018, de 5 de diciembre, de Protecci\u00f3n de Datos Personales y garant\u00eda de los derechos digitales, y en el art\u00edculo 18.2 de la Ley 10\/2021, de 9 de julio, de trabajo a distancia.<\/p>\n<p>De la interpretaci\u00f3n de los mencionados art\u00edculos, el Supremo concluye que la elaboraci\u00f3n de una pol\u00edtica interna de desconexi\u00f3n digital no es opcional, sino que se trata de una obligaci\u00f3n que deben cumplir todas las empresas.<\/p>\n","protected":false},"excerpt":{"rendered":"<p>El Alto Tribunal resuelve sobre un caso relativo a personas trabajadoras que prestan sus servicios en modalidad de teletrabajo. As\u00ed, analiza la regulaci\u00f3n aplicable en este supuesto en materia de derecho a la desconexi\u00f3n digital, recogida en el art\u00edculo 88 de la Ley Org\u00e1nica 3\/2018, de 5 de diciembre, de Protecci\u00f3n de Datos Personales y [&hellip;]<\/p>\n","protected":false},"featured_media":0,"template":"","tipo_articulo":[3190],"ambito_geografico":[],"boletin":[4452],"class_list":["post-36279","noticias_boletin","type-noticias_boletin","status-publish","hentry","tipo_articulo-noticias-de-interes","boletin-mayo-2025"],"acf":[],"_links":{"self":[{"href":"https:\/\/www.lksnext.com\/es\/wp-json\/wp\/v2\/noticias_boletin\/36279","targetHints":{"allow":["GET"]}}],"collection":[{"href":"https:\/\/www.lksnext.com\/es\/wp-json\/wp\/v2\/noticias_boletin"}],"about":[{"href":"https:\/\/www.lksnext.com\/es\/wp-json\/wp\/v2\/types\/noticias_boletin"}],"wp:attachment":[{"href":"https:\/\/www.lksnext.com\/es\/wp-json\/wp\/v2\/media?parent=36279"}],"wp:term":[{"taxonomy":"tipo_articulo","embeddable":true,"href":"https:\/\/www.lksnext.com\/es\/wp-json\/wp\/v2\/tipo_articulo?post=36279"},{"taxonomy":"ambito_geografico","embeddable":true,"href":"https:\/\/www.lksnext.com\/es\/wp-json\/wp\/v2\/ambito_geografico?post=36279"},{"taxonomy":"boletin","embeddable":true,"href":"https:\/\/www.lksnext.com\/es\/wp-json\/wp\/v2\/boletin?post=36279"}],"curies":[{"name":"wp","href":"https:\/\/api.w.org\/{rel}","templated":true}]}}