{"id":36296,"date":"2025-06-05T15:17:01","date_gmt":"2025-06-05T13:17:01","guid":{"rendered":"https:\/\/www.lksnext.com\/es\/?post_type=noticias_boletin&#038;p=36296"},"modified":"2025-06-06T08:49:00","modified_gmt":"2025-06-06T06:49:00","slug":"reflexion-sobre-algunos-aspectos-de-las-reformas-tributarias-forales","status":"publish","type":"noticias_boletin","link":"https:\/\/www.lksnext.com\/es\/noticias_boletin\/reflexion-sobre-algunos-aspectos-de-las-reformas-tributarias-forales\/","title":{"rendered":"Reflexi\u00f3n sobre algunos aspectos de las reformas tributarias forales"},"content":{"rendered":"<p><span data-contrast=\"none\">Con car\u00e1cter reciente han sido aprobadas las respectivas Normas Forales por parte de las respectivas Juntas Generales en los tres territorios de la Comunidad Aut\u00f3noma Vasca.<\/span><span data-ccp-props=\"{&quot;201341983&quot;:2,&quot;335551550&quot;:6,&quot;335551620&quot;:6,&quot;335559740&quot;:280}\">\u00a0<\/span><\/p>\n<p><span data-contrast=\"none\">La \u00faltima en conocerse ha sido la Norma Foral 1\/2025, de 9 de mayo, por la que se aprueban la reforma del sistema tributario del Territorio Hist\u00f3rico de Gipuzkoa y otras modificaciones tributarias, que fue publicada en el Bolet\u00edn Oficial de Gipuzkoa el d\u00eda 15 de mayo del presente curso.<\/span><span data-ccp-props=\"{&quot;201341983&quot;:2,&quot;335551550&quot;:6,&quot;335551620&quot;:6,&quot;335559740&quot;:280}\">\u00a0<\/span><\/p>\n<p><span data-contrast=\"none\">Tras un an\u00e1lisis de los tres cuerpos normativos, la conclusi\u00f3n principal es que comparten casi la totalidad de las modificaciones realizadas, aunque puedan existir determinados matices.\u00a0<\/span><span data-ccp-props=\"{&quot;201341983&quot;:2,&quot;335551550&quot;:6,&quot;335551620&quot;:6,&quot;335559740&quot;:280}\">\u00a0<\/span><\/p>\n<p><span data-contrast=\"none\">En este contexto, el objetivo del presente escrito no es otro que hacer un peque\u00f1o hincapi\u00e9 en determinadas modificaciones tributarias que los tres territorios comparten y que pueden tener una relevancia particular.\u00a0<\/span><span data-ccp-props=\"{&quot;201341983&quot;:2,&quot;335551550&quot;:6,&quot;335551620&quot;:6,&quot;335559740&quot;:280}\">\u00a0<\/span><\/p>\n<p><strong>1. <\/strong><b><span data-contrast=\"none\"><strong>De<\/strong> la nueva escala aplicable a la base liquidable del ahorro y su trascendencia desde un enfoque cooperativo.<\/span><\/b><span data-ccp-props=\"{&quot;201341983&quot;:2,&quot;335551550&quot;:6,&quot;335551620&quot;:6,&quot;335559740&quot;:280}\">\u00a0<\/span><\/p>\n<p><span data-contrast=\"none\">La primera de las medidas que merece la pena comentar es la relativa a la modificaci\u00f3n de la escala de la Base liquidable del Ahorro, la cual tendr\u00e1 fecha de efectos el 1 de enero de 2026.<\/span><span data-ccp-props=\"{&quot;201341983&quot;:2,&quot;335551550&quot;:6,&quot;335551620&quot;:6,&quot;335559740&quot;:280}\">\u00a0<\/span><\/p>\n<p><span data-contrast=\"none\">Resulta interesante realizar una comparativa entre las dos escalas puesto que, mientras que la actual s\u00f3lo contempla 5 tramos cuyos tipos impositivos aplicables van desde el 20% hasta el 25%, la escala que entrar\u00e1 en vigor el a\u00f1o que viene comprende hasta 9 tramos diferenciados cuyos tipos impositivos alcanzan desde el 19% hasta el 28%.\u00a0<\/span><span data-ccp-props=\"{&quot;201341983&quot;:2,&quot;335551550&quot;:6,&quot;335551620&quot;:6,&quot;335559740&quot;:280}\">\u00a0<\/span><\/p>\n<p><span data-contrast=\"none\">En este sentido, parece que lo que esta modificaci\u00f3n pretende es minorar la carga tributaria que deben soportar los peque\u00f1os ahorradores frente a un incremento que deber\u00e1n soportar las rentas del ahorro m\u00e1s elevadas.<\/span><span data-ccp-props=\"{&quot;201341983&quot;:2,&quot;335551550&quot;:6,&quot;335551620&quot;:6,&quot;335559740&quot;:280}\">\u00a0<\/span><\/p>\n<p><span data-contrast=\"none\">Ciertamente, esta cuesti\u00f3n merece una especial reflexi\u00f3n en lo que al aspecto cooperativo se refiere por dos cuestiones principales; la tributaci\u00f3n de los rendimientos de capital mobiliario en forma de intereses por aportaciones al capital y los retornos monetizados por una parte y, por otra, la tributaci\u00f3n por la ganancia patrimonial que se produce cuando una persona socia se da de baja en la cooperativa.<\/span><span data-ccp-props=\"{&quot;201341983&quot;:2,&quot;335551550&quot;:6,&quot;335551620&quot;:6,&quot;335559740&quot;:280}\">\u00a0<\/span><\/p>\n<p><span data-contrast=\"none\">En lo que respecta a los intereses y retornos, esa bajada del primer tramo del 20% al 19% parece que viene a resolver el problema que exist\u00eda en relaci\u00f3n con la retenci\u00f3n sobre estos rendimientos y su posterior tributaci\u00f3n en IRPF en la media en que, hasta ahora, se viene practicando una retenci\u00f3n del 19% mientras que, en el momento de presentar la autoliquidaci\u00f3n de IRPF, el tipo m\u00e1s bajo de la escala es el 20% produciendo un descuadre que, en \u00faltima instancia, asume el contribuyente persona f\u00edsica.<\/span><span data-ccp-props=\"{&quot;201341983&quot;:2,&quot;335551550&quot;:6,&quot;335551620&quot;:6,&quot;335559740&quot;:280}\">\u00a0<\/span><\/p>\n<p><span data-contrast=\"none\">Por otro lado, en lo que se refiere a la tributaci\u00f3n de la ganancia patrimonial que se produce cuando una persona socia se da de baja y le resulta reembolsada la aportaci\u00f3n al capital correspondiente, tambi\u00e9n sufrir\u00e1 modificaciones sustanciales en la medida en que deber\u00e1 enfrentarse a una escala que penaliza en mayor medida los ahorros m\u00e1s altos.<\/span><span data-ccp-props=\"{&quot;201341983&quot;:2,&quot;335551550&quot;:6,&quot;335551620&quot;:6,&quot;335559740&quot;:280}\">\u00a0<\/span><\/p>\n<p><span data-contrast=\"none\">En cualquier caso, para las personas socias que tengan prevista la baja de la cooperativa en lo que resta de 2025 o incluso inicios del 2026, podr\u00eda ser recomendable abordar simulaciones aplicando una y otra escala para comprobar qu\u00e9 fecha de devengo le puede salir menos gravosa. O, incluso, plantearse una baja en 2025 aplicando el criterio de caja que le permita tributar por lo percibido de forma fraccionada en los dos ejercicios para aliviar todav\u00eda m\u00e1s la carga tributaria.<\/span><span data-ccp-props=\"{&quot;201341983&quot;:2,&quot;335551550&quot;:6,&quot;335551620&quot;:6,&quot;335559740&quot;:280}\">\u00a0<\/span><\/p>\n<p><strong>\u00a02. <\/strong><b><span data-contrast=\"none\"><strong>De<\/strong> la tributaci\u00f3n por beneficios extraordinarios en el Impuesto sobre Sociedades.<\/span><\/b><span data-ccp-props=\"{&quot;201341983&quot;:2,&quot;335551550&quot;:6,&quot;335551620&quot;:6,&quot;335559740&quot;:280}\">\u00a0<\/span><\/p>\n<p><span data-contrast=\"none\">Otra de las modificaciones que merece una menci\u00f3n especial es la relativa a una tributaci\u00f3n adicional que se plantea bajo determinados requisitos en el Impuesto sobre Sociedades.<\/span><span data-ccp-props=\"{&quot;201341983&quot;:2,&quot;335551550&quot;:6,&quot;335551620&quot;:6,&quot;335559740&quot;:280}\">\u00a0<\/span><\/p>\n<p><span data-contrast=\"none\">Concretamente, con efectos para los periodos impositivos que se inicien a partir del 1 de enero de 2026 y hasta el 31 de diciembre de 2030, se establece un incremento de la cuota \u00edntegra para los contribuyentes que:<\/span><span data-ccp-props=\"{&quot;201341983&quot;:2,&quot;335551550&quot;:6,&quot;335551620&quot;:6,&quot;335559740&quot;:280}\">\u00a0<\/span><span data-ccp-props=\"{&quot;201341983&quot;:2,&quot;335551550&quot;:6,&quot;335551620&quot;:6,&quot;335559740&quot;:280}\">\u00a0<\/span><\/p>\n<ul>\n<li data-leveltext=\"-\" data-font=\"Century Gothic\" data-listid=\"39\" data-list-defn-props=\"{&quot;335551671&quot;:2,&quot;335552541&quot;:1,&quot;335559685&quot;:720,&quot;335559991&quot;:360,&quot;469769226&quot;:&quot;Century Gothic&quot;,&quot;469769242&quot;:[8226],&quot;469777803&quot;:&quot;left&quot;,&quot;469777804&quot;:&quot;-&quot;,&quot;469777815&quot;:&quot;hybridMultilevel&quot;}\" aria-setsize=\"-1\" data-aria-posinset=\"2\" data-aria-level=\"1\"><span data-contrast=\"none\">No sean medianas empresas.<\/span><\/li>\n<li data-leveltext=\"-\" data-font=\"Century Gothic\" data-listid=\"39\" data-list-defn-props=\"{&quot;335551671&quot;:2,&quot;335552541&quot;:1,&quot;335559685&quot;:720,&quot;335559991&quot;:360,&quot;469769226&quot;:&quot;Century Gothic&quot;,&quot;469769242&quot;:[8226],&quot;469777803&quot;:&quot;left&quot;,&quot;469777804&quot;:&quot;-&quot;,&quot;469777815&quot;:&quot;hybridMultilevel&quot;}\" aria-setsize=\"-1\" data-aria-posinset=\"2\" data-aria-level=\"1\"><span data-contrast=\"none\">Tributen al tipo general del 24%, al 31% o al 28%.<\/span><span data-ccp-props=\"{&quot;201341983&quot;:2,&quot;335551550&quot;:6,&quot;335551620&quot;:6,&quot;335559740&quot;:280}\">\u00a0<\/span><\/li>\n<li data-leveltext=\"-\" data-font=\"Century Gothic\" data-listid=\"39\" data-list-defn-props=\"{&quot;335551671&quot;:2,&quot;335552541&quot;:1,&quot;335559685&quot;:720,&quot;335559991&quot;:360,&quot;469769226&quot;:&quot;Century Gothic&quot;,&quot;469769242&quot;:[8226],&quot;469777803&quot;:&quot;left&quot;,&quot;469777804&quot;:&quot;-&quot;,&quot;469777815&quot;:&quot;hybridMultilevel&quot;}\" aria-setsize=\"-1\" data-aria-posinset=\"2\" data-aria-level=\"1\"><span data-contrast=\"none\">Obtengan en el per\u00edodo impositivo un resultado contable positivo que supere en un 35% la media de los resultados contables positivos obtenidos en los tres per\u00edodos impositivos anteriores.<\/span><span data-ccp-props=\"{&quot;201341983&quot;:2,&quot;335551550&quot;:6,&quot;335551620&quot;:6,&quot;335559740&quot;:280}\">\u00a0<\/span><\/li>\n<\/ul>\n<p><span data-contrast=\"none\">Para el c\u00e1lculo del incremento de la cuota \u00edntegra comentada, la norma prev\u00e9 que se obtendr\u00e1 aplicando los siguientes porcentajes:<\/span><span data-ccp-props=\"{&quot;201341983&quot;:2,&quot;335551550&quot;:6,&quot;335551620&quot;:6,&quot;335559740&quot;:280}\">\u00a0<\/span><\/p>\n<ul>\n<li><span data-contrast=\"none\">1% sobre la parte de la cuota \u00edntegra que se corresponda con el incremento de la base imponible, derivado del citado exceso, que supere en el 35% y sea igual o inferior en el 50 % a la media de los resultados contables en los tres per\u00edodos impositivos anteriores.<\/span><\/li>\n<li><span data-contrast=\"none\">2% sobre la parte de la cuota \u00edntegra que se corresponda con el incremento de la base imponible, derivado del citado exceso, que supere en m\u00e1s del 50% y sea igual o inferior en el 75% a la media de los resultados contables en los tres per\u00edodos impositivos anteriores.<\/span><\/li>\n<li><span data-contrast=\"none\">3% sobre la parte de la cuota \u00edntegra que se corresponda con el incremento de la base imponible, derivado del citado exceso, que supere en m\u00e1s del 75 % y sea igual o inferior en el 100 % a la media de los resultados contables en los tres per\u00edodos impositivos anteriores.<\/span><\/li>\n<li><span data-contrast=\"none\">4% sobre la parte de la cuota \u00edntegra que se corresponda con el incremento de la base imponible, derivado del citado exceso, que supere en m\u00e1s del 100 % la media de los resultados contables en los tres per\u00edodos impositivos anteriores.<\/span><span data-ccp-props=\"{&quot;201341983&quot;:2,&quot;335551550&quot;:6,&quot;335551620&quot;:6,&quot;335559740&quot;:280}\">\u00a0<\/span><\/li>\n<\/ul>\n<p><span data-contrast=\"none\">Se trata, por tanto, de un an\u00e1lisis adicional que las Sociedades que entren en el marco de aplicaci\u00f3n de esta disposici\u00f3n deber\u00e1n realizar.\u00a0<\/span><span data-ccp-props=\"{&quot;201341983&quot;:2,&quot;335551550&quot;:6,&quot;335551620&quot;:6,&quot;335559740&quot;:280}\">\u00a0<\/span><\/p>\n<p><span data-contrast=\"none\">En este sentido, merece la pena subrayar que, a pesar de que en el caso de las Sociedades Cooperativas que, en t\u00e9rminos generales no cumplen el requisito de tributar al tipo general del 24% y, por tanto, se escapan de la aplicaci\u00f3n de esta medida, existen multitud de entidades que deber\u00e1n integrar este an\u00e1lisis a la hora de calcular el gasto por el Impuesto sobre Sociedades mientras dure la medida transitoria.<\/span><span data-ccp-props=\"{&quot;201341983&quot;:2,&quot;335551550&quot;:6,&quot;335551620&quot;:6,&quot;335559740&quot;:280}\">\u00a0<\/span><\/p>\n<p><strong>\u00a03. <\/strong><b><span data-contrast=\"none\"><strong>De la m<\/strong>odificaci\u00f3n de la tributaci\u00f3n m\u00ednima.<\/span><\/b><span data-ccp-props=\"{&quot;201341983&quot;:2,&quot;335551550&quot;:6,&quot;335551620&quot;:6,&quot;335559740&quot;:280}\">\u00a0<\/span><\/p>\n<p><span data-ccp-props=\"{&quot;201341983&quot;:2,&quot;335551550&quot;:6,&quot;335551620&quot;:6,&quot;335559740&quot;:280}\">\u00a0<\/span><span data-contrast=\"none\">Por \u00faltimo, merece la pena una menci\u00f3n especial la modificaci\u00f3n introducida al respecto de la tributaci\u00f3n m\u00ednima.\u00a0<\/span><span data-ccp-props=\"{&quot;201341983&quot;:2,&quot;335551550&quot;:6,&quot;335551620&quot;:6,&quot;335559740&quot;:280}\">\u00a0<\/span><\/p>\n<p><span data-contrast=\"none\">En primer lugar, se incluyen como deducciones que se pueden aplicar sin que entre en juego la tributaci\u00f3n m\u00ednima aquellas que se acreditan por financiaci\u00f3n en proyectos de I+D+i as\u00ed como las relativas a la financiaci\u00f3n de obras audiovisuales. Cuesti\u00f3n esta que tambi\u00e9n resulta de aplicaci\u00f3n a las Cooperativas protegidas y especialmente protegidas en la medida en que la Norma Foral 2\/1997, de 22 de mayo, del Territorio Hist\u00f3rico de Gipuzkoa, sobre R\u00e9gimen Fiscal de las Cooperativas hace referencia a la regulaci\u00f3n del art\u00edculo 59.3 de la Norma Foral del Impuesto sobre Sociedades a estos efectos.<\/span><span data-ccp-props=\"{&quot;201341983&quot;:2,&quot;335551550&quot;:6,&quot;335551620&quot;:6,&quot;335559740&quot;:280}\">\u00a0<\/span><\/p>\n<p><span data-contrast=\"none\">No obstante y al margen de las cooperativas previamente mencionadas, con efectos para los per\u00edodos impositivos iniciados a partir del 1 de enero de 2026, y en relaci\u00f3n con la cuota efectiva y tributaci\u00f3n m\u00ednima aplicable a las entidades que tributen al tipo general, se elevan los porcentajes, que ser\u00e1, con car\u00e1cter general, del 19% frente al 17% que exist\u00eda previamente.<\/span><span data-ccp-props=\"{&quot;201341983&quot;:2,&quot;335551550&quot;:6,&quot;335551620&quot;:6,&quot;335559740&quot;:280}\">\u00a0<\/span><\/p>\n<p><span data-contrast=\"none\">Sin embargo, se establece la tributaci\u00f3n m\u00ednima del 17% para los casos en los que se mantenga el promedio de plantilla laboral con car\u00e1cter indefinido respecto del ejercicio anterior, o realice en el per\u00edodo impositivo alguna de las inversiones susceptibles de generar las deducciones establecidas en los art\u00edculos 61 a 65 de la Norma Foral, en el caso particular de Gipuzkoa.\u00a0<\/span><span data-ccp-props=\"{&quot;201341983&quot;:2,&quot;335551550&quot;:6,&quot;335551620&quot;:6,&quot;335559740&quot;:280}\">\u00a0<\/span><\/p>\n<p><span data-contrast=\"none\">Y, por otro lado, se permite hasta una tributaci\u00f3n m\u00ednima del 15% cuando se mantenga el promedio de plantilla laboral con car\u00e1cter indefinido respecto del ejercicio anterior y, adem\u00e1s, realice en el per\u00edodo impositivo alguna de las inversiones susceptibles de generar las deducciones establecidas en los art\u00edculos 61 a 65 de la Norma, o bien Incremente el promedio de plantilla laboral con car\u00e1cter indefinido respecto del ejercicio anterior.<\/span><span data-ccp-props=\"{&quot;201341983&quot;:2,&quot;335551550&quot;:6,&quot;335551620&quot;:6,&quot;335559740&quot;:280}\">\u00a0<\/span><\/p>\n<p><span data-contrast=\"none\">En definitiva, se trata de medidas tributarias que pretenden agravar la tributaci\u00f3n tanto en caso de personas f\u00edsicas como de personas jur\u00eddicas que, cumpliendo determinados requisitos, est\u00e9n generando superiores rentas en t\u00e9rminos generales cuya aplicaci\u00f3n habr\u00e1 que analizar en caso de entender que se est\u00e1 en alguno de los supuestos previamente mencionados.<\/span><span data-ccp-props=\"{&quot;201341983&quot;:2,&quot;335551550&quot;:6,&quot;335551620&quot;:6,&quot;335559740&quot;:280}\">\u00a0<\/span><\/p>\n","protected":false},"excerpt":{"rendered":"<p><span data-contrast=\"none\">Con car\u00e1cter reciente han sido aprobadas las respectivas Normas Forales por parte de las respectivas Juntas Generales en los tres territorios de la Comunidad Aut\u00f3noma Vasca.<\/span><span data-ccp-props=\"{&quot;201341983&quot;:2,&quot;335551550&quot;:6,&quot;335551620&quot;:6,&quot;335559740&quot;:280}\">\u00a0<\/span><\/p>\n<p><span data-contrast=\"none\">La \u00faltima en conocerse ha sido la Norma Foral 1\/2025, de 9 de mayo, por la que se aprueban la reforma del sistema tributario del Territorio Hist\u00f3rico de Gipuzkoa y otras modificaciones tributarias, que fue publicada en el Bolet\u00edn Oficial de Gipuzkoa el d\u00eda 15 de mayo del presente curso.<\/span><span data-ccp-props=\"{&quot;201341983&quot;:2,&quot;335551550&quot;:6,&quot;335551620&quot;:6,&quot;335559740&quot;:280}\">\u00a0<\/span><\/p>\n","protected":false},"featured_media":27946,"template":"","tipo_articulo":[3181],"ambito_geografico":[],"boletin":[4452],"class_list":["post-36296","noticias_boletin","type-noticias_boletin","status-publish","has-post-thumbnail","hentry","tipo_articulo-articulo-de-opinion","boletin-mayo-2025"],"acf":[],"_links":{"self":[{"href":"https:\/\/www.lksnext.com\/es\/wp-json\/wp\/v2\/noticias_boletin\/36296","targetHints":{"allow":["GET"]}}],"collection":[{"href":"https:\/\/www.lksnext.com\/es\/wp-json\/wp\/v2\/noticias_boletin"}],"about":[{"href":"https:\/\/www.lksnext.com\/es\/wp-json\/wp\/v2\/types\/noticias_boletin"}],"wp:featuredmedia":[{"embeddable":true,"href":"https:\/\/www.lksnext.com\/es\/wp-json\/wp\/v2\/media\/27946"}],"wp:attachment":[{"href":"https:\/\/www.lksnext.com\/es\/wp-json\/wp\/v2\/media?parent=36296"}],"wp:term":[{"taxonomy":"tipo_articulo","embeddable":true,"href":"https:\/\/www.lksnext.com\/es\/wp-json\/wp\/v2\/tipo_articulo?post=36296"},{"taxonomy":"ambito_geografico","embeddable":true,"href":"https:\/\/www.lksnext.com\/es\/wp-json\/wp\/v2\/ambito_geografico?post=36296"},{"taxonomy":"boletin","embeddable":true,"href":"https:\/\/www.lksnext.com\/es\/wp-json\/wp\/v2\/boletin?post=36296"}],"curies":[{"name":"wp","href":"https:\/\/api.w.org\/{rel}","templated":true}]}}