{"id":36304,"date":"2025-06-05T15:15:55","date_gmt":"2025-06-05T13:15:55","guid":{"rendered":"https:\/\/www.lksnext.com\/es\/?post_type=noticias_boletin&#038;p=36304"},"modified":"2025-06-05T15:16:16","modified_gmt":"2025-06-05T13:16:16","slug":"materia-administrativa-pais-vasco-mayo-2025","status":"publish","type":"noticias_boletin","link":"https:\/\/www.lksnext.com\/es\/noticias_boletin\/materia-administrativa-pais-vasco-mayo-2025\/","title":{"rendered":"MATERIA ADMINISTRATIVA PAIS VASCO MAYO 2025"},"content":{"rendered":"<h3><strong>APROBACI\u00d3N DEFINTIVA DEL PLAN TERRITORIAL PARCIAL DEL \u00c1REA FUNCIONAL DE BILBAO METROPOLITA<\/strong><\/h3>\n<p><strong>B.O.P.V.: <\/strong>12.05.2025<strong><br \/>\n<\/strong><strong>Entrada en vigor: <\/strong>13.05.2025<strong><br \/>\n<\/strong><strong>Efectos<\/strong>: 13.05.2025<\/p>\n<p>DECRETO 84\/2025, de 8 de abril, por el que se aprueba definitivamente el Plan Territorial Parcial del \u00c1rea Funcional de Bilbao Metropolitano<strong>. <\/strong>Siguiendo con el procedimiento establecido y de conformidad con el art\u00edculo 13.1 de la Ley 4\/1990, de 31 de mayo, de Ordenaci\u00f3n del Territorio del Pa\u00eds Vasco, la iniciativa para la formulaci\u00f3n del Plan Territorial Parcial del \u00e1rea funcional de Bilbao Metropolitano corresponde al Gobierno Vasco y a la Diputaci\u00f3n Foral de Bizkaia, indistintamente, lo que hace necesaria una coordinaci\u00f3n entre ambas administraciones. A estos efectos, la iniciativa de llevar a cabo la formulaci\u00f3n tuvo lugar, en marzo de 2016, por decisi\u00f3n del entonces Departamento de Transportes, Movilidad y Cohesi\u00f3n del Territorio de la Diputaci\u00f3n Foral de Bizkaia.<\/p>\n<p>Mediante este decreto se publica la aprobaci\u00f3n definitiva del Plan territorial tras la ejecuci\u00f3n de todos los distintos pasos necesarios para la aprobaci\u00f3n de un Plan Territorial Parcial, es decir, ejecutado el documento de Informaci\u00f3n y Diagn\u00f3stico y remitido Administraci\u00f3n Auton\u00f3mica; elaborado el Avance de Plan Territorial Parcial y su correspondiente Documento Inicial Estrat\u00e9gico siendo remitido a todas las administraciones p\u00fablicas territoriales interesadas; redactado el documento para Aprobaci\u00f3n Inicial junto con el Estudio Ambiental Estrat\u00e9gico y siendo informado favorablemente en su Sesi\u00f3n 1\/2021 del Pleno, celebrada el d\u00eda 29 de enero de 2021; recibidos todos los informes sectoriales preceptivos correspondientes fue redactado el documento final que fue aprobado inicialmente mediante Acuerdo Foral, adoptado en Consejo de Gobierno de 5 de octubre de 2021; sometido al tr\u00e1mite de informaci\u00f3n p\u00fablica, al tr\u00e1mite de audiencia de todas las Administraciones P\u00fablicas territoriales interesadas y al tr\u00e1mite de consulta de las administraciones p\u00fablicas afectadas y de las personas interesadas que hab\u00edan sido previamente consultadas en el procedimiento de evaluaci\u00f3n estrat\u00e9gica; tras el estudio y respuesta de las alegaciones y sugerencias recibidas se obtuvo el informe favorable de la Comisi\u00f3n de Ordenaci\u00f3n del Territorio del Pa\u00eds Vasco en su sesi\u00f3n 4\/2023, de 12 de julio y la Resoluci\u00f3n 19 de febrero de 2024, del Director de Calidad Ambiental y Econom\u00eda Circular del Gobierno Vasco por la que se formula la Declaraci\u00f3n Ambiental Estrat\u00e9gica, as\u00ed como el resto de los informes sectoriales favorables correspondientes, la Diputaci\u00f3n Foral de Bizkaia, con fecha 10 de abril de 2024.<\/p>\n<p><strong><a class=\"boton naranja\" href=\"https:\/\/www.euskadi.eus\/web01-bopv\/es\/bopv2\/datos\/2025\/05\/2501980a.pdf\">Bolet\u00edn oficial<\/a><\/strong><\/p>\n<hr \/>\n<h3><strong>ESTATUTOS DE LANBIDE-SERVICIO P\u00daBLICO VASCO DE EMPLEO<\/strong><\/h3>\n<p><strong>B.O.P.V.: <\/strong>15.05.2025<strong><br \/>\n<\/strong><strong>Entrada en vigor: <\/strong>01.06.2025<strong><br \/>\n<\/strong><strong>Efectos<\/strong>: 01.06.2025<\/p>\n<p>Decreto 93\/2025, de 29 de abril, por el que se aprueban los estatutos de Lanbide-Servicio P\u00fablico Vasco de Empleo. El t\u00edtulo VI de la Ley 15\/2023, de 21 de diciembre, de Empleo, configura a Lanbide-Servicio P\u00fablico Vasco de Empleo como ente p\u00fablico de derecho privado, que tiene como fin la contribuci\u00f3n al pleno desarrollo del derecho al trabajo digno y a la configuraci\u00f3n de un mercado de trabajo que contribuya de forma eficiente a garantizar la empleabilidad de las personas trabajadoras y a cubrir las necesidades de personal adaptadas a los requerimientos de las empresas, as\u00ed como a favorecer la cohesi\u00f3n social y territorial.<\/p>\n<p>Se rige, adem\u00e1s de por lo previsto en la citada ley y por la Ley 3\/2022, de 12 de mayo, del Sector P\u00fablico Vasco, en lo establecido para los entes p\u00fablicos de derecho privado, por sus propios estatutos.<\/p>\n<p>La aprobaci\u00f3n de los estatutos de Lanbide-Servicio P\u00fablico Vasco de Empleo completa la definici\u00f3n de su r\u00e9gimen jur\u00eddico, al desarrollar las funciones, composici\u00f3n y nombramiento de los \u00f3rganos de gobierno, la estructura org\u00e1nica y funcional de los servicios del ente y su r\u00e9gimen de funcionamiento, tal y como establece el art\u00edculo 95 de la repetida Ley 15\/2023, de 21 de diciembre, de Empleo.<\/p>\n<p><strong><a class=\"boton naranja\" href=\"https:\/\/www.euskadi.eus\/web01-bopv\/es\/bopv2\/datos\/2025\/05\/2502040a.pdf\">Bolet\u00edn oficial<\/a><\/strong><\/p>\n<hr \/>\n<h3><strong>CREACI\u00d3N DE LA COMISI\u00d3N DE ASUNTOS ECON\u00d3MICOS<\/strong><\/h3>\n<p><strong>B.O.P.V.: <\/strong>23.05.2025<strong><br \/>\n<\/strong><strong>Entrada en vigor: <\/strong>24.05.2025<strong><br \/>\n<\/strong><strong>Efectos<\/strong>: 24.05.2025<\/p>\n<p><strong>DECRETO 107\/2025, de 20 de mayo, de creaci\u00f3n de la Comisi\u00f3n de Asuntos Econ\u00f3micos<\/strong>. La situaci\u00f3n actual de la econom\u00eda, as\u00ed como la influencia que tienen los sectores emergentes en la misma, hacen necesario que el Gobierno articule todas las herramientas a su disposici\u00f3n para impulsar los sectores estrat\u00e9gicos para la econom\u00eda vasca y la generaci\u00f3n de empleo de calidad. Todo ello, y la necesidad de que las pol\u00edticas p\u00fablicas contribuyan a dar cumplimiento al programa de Gobierno de la XIII Legislatura, propician la creaci\u00f3n de una Comisi\u00f3n de Asuntos Econ\u00f3micos, para que, en el seno de la coordinaci\u00f3n de la pol\u00edtica econ\u00f3mica del Gobierno, realice el seguimiento, an\u00e1lisis y control de la evoluci\u00f3n de la econom\u00eda, previsiones econ\u00f3micas y evaluaci\u00f3n de las pol\u00edticas p\u00fablicas que tengan impacto directo en el Pa\u00eds Vasco.<\/p>\n<p><strong><a class=\"boton naranja\" href=\"https:\/\/www.euskadi.eus\/web01-bopv\/es\/bopv2\/datos\/2025\/05\/2502214a.pdf\">Bolet\u00edn oficial<\/a><\/strong><\/p>\n","protected":false},"excerpt":{"rendered":"<p><br data-mce-bogus=\"1\"><\/p>\n","protected":false},"featured_media":0,"template":"","tipo_articulo":[3186],"ambito_geografico":[3198],"boletin":[4452],"class_list":["post-36304","noticias_boletin","type-noticias_boletin","status-publish","hentry","tipo_articulo-materia-administrativa","ambito_geografico-pais-vasco","boletin-mayo-2025"],"acf":[],"_links":{"self":[{"href":"https:\/\/www.lksnext.com\/es\/wp-json\/wp\/v2\/noticias_boletin\/36304","targetHints":{"allow":["GET"]}}],"collection":[{"href":"https:\/\/www.lksnext.com\/es\/wp-json\/wp\/v2\/noticias_boletin"}],"about":[{"href":"https:\/\/www.lksnext.com\/es\/wp-json\/wp\/v2\/types\/noticias_boletin"}],"wp:attachment":[{"href":"https:\/\/www.lksnext.com\/es\/wp-json\/wp\/v2\/media?parent=36304"}],"wp:term":[{"taxonomy":"tipo_articulo","embeddable":true,"href":"https:\/\/www.lksnext.com\/es\/wp-json\/wp\/v2\/tipo_articulo?post=36304"},{"taxonomy":"ambito_geografico","embeddable":true,"href":"https:\/\/www.lksnext.com\/es\/wp-json\/wp\/v2\/ambito_geografico?post=36304"},{"taxonomy":"boletin","embeddable":true,"href":"https:\/\/www.lksnext.com\/es\/wp-json\/wp\/v2\/boletin?post=36304"}],"curies":[{"name":"wp","href":"https:\/\/api.w.org\/{rel}","templated":true}]}}