{"id":36539,"date":"2025-07-03T14:00:44","date_gmt":"2025-07-03T12:00:44","guid":{"rendered":"https:\/\/www.lksnext.com\/es\/?post_type=noticias_boletin&#038;p=36539"},"modified":"2025-07-03T14:00:44","modified_gmt":"2025-07-03T12:00:44","slug":"el-gobierno-vasco-aprueba-una-estrategia-para-integrar-la-perspectiva-de-genero-en-la-elaboracion-de-los-presupuestos-del-sector-publico","status":"publish","type":"noticias_boletin","link":"https:\/\/www.lksnext.com\/es\/noticias_boletin\/el-gobierno-vasco-aprueba-una-estrategia-para-integrar-la-perspectiva-de-genero-en-la-elaboracion-de-los-presupuestos-del-sector-publico\/","title":{"rendered":"El Gobierno Vasco aprueba una estrategia para integrar la perspectiva de g\u00e9nero en la elaboraci\u00f3n de los presupuestos del sector p\u00fablico"},"content":{"rendered":"<p>El Gobierno Vasco sigue dando pasos para ampliar la igualdad efectiva entre mujeres y hombres a m\u00e1s \u00e1mbitos hasta conseguir hacerla plena en la sociedad. Si el pasado a\u00f1o aprob\u00f3 una Instrucci\u00f3n para facilitar la incorporaci\u00f3n de la perspectiva de g\u00e9nero y cl\u00e1usulas para la igualdad en la contrataci\u00f3n p\u00fablica, hoy martes el Consejo de Gobierno ha aprobado una estrategia para integrar la perspectiva de g\u00e9nero en los presupuestos generales del sector p\u00fablico de la Comunidad Aut\u00f3noma de Euskadi.<\/p>\n<p>Esta estrategia, entre las pioneras del Estado y referente a nivel de comunidades aut\u00f3nomas, da respuesta a los mandatos normativos de la Ley para la Igualdad, as\u00ed como a los mandatos program\u00e1ticos de la XIII Legislatura y se configura como una hoja de ruta en la que, paralelamente a la consecuci\u00f3n de las metas propuestas, se propone comprobar si realmente se avanza hacia la igualdad de mujeres y hombres en Euskadi.<\/p>\n<p>Para lograr el objetivo propuesto, la aprobaci\u00f3n de este documento supone la asunci\u00f3n de un compromiso pol\u00edtico expl\u00edcito con la consecuente asignaci\u00f3n de recursos, as\u00ed como un liderazgo pol\u00edtico activo en todos los departamentos, organismos aut\u00f3nomos, consorcios, entes p\u00fablicos de derecho privado, sociedades p\u00fablicas y fundaciones del sector p\u00fablico de la CAE.<\/p>\n","protected":false},"excerpt":{"rendered":"<ul>\n<li>Datos de recaudaci\u00f3n<\/li>\n<li>Acuerdo internacional sobre fiscalidad digital<\/li>\n<li>Hacienda ultima el reglamento del IRPF para adaptar las subidas y las reducciones de planes de pensiones<\/li>\n<li>Administraci\u00f3n Digital Integral (ADI)<\/li>\n<li>Ventas en Gipuzkoa<\/li>\n<li>Medidas en torno al alquiler<\/li>\n<li>Reforma fiscal en torno al autom\u00f3vil<\/li>\n<li>Proyecto de Ley Org\u00e1nica de Protecci\u00f3n de Datos Personales tratados para fines de prevenci\u00f3n, detecci\u00f3n, investigaci\u00f3n y enjuiciamiento de infracciones penales y de ejecuci\u00f3n de sanciones penales<\/li>\n<li>Propuesta de reforma para la Ley Concursal<\/li>\n<li>El Gobierno Central ultima medidas de solvencia y plantea que parte de su coste lo asuma la banca<\/li>\n<li>El Gobierno reformar\u00e1 el marco legal para poder aumentar las ayudas directas a aut\u00f3nomos y empresas<\/li>\n<li>Creaci\u00f3n de una aplicaci\u00f3n para el c\u00e1lculo de los plazos de duraci\u00f3n de un expediente de contrataci\u00f3n administrativa hasta su formalizaci\u00f3n<\/li>\n<li>El Gobierno Vasco impulsa el programa Azpitek para actualizar el equipamiento cient\u00edfico-t\u00e9cnico de las empresas vascas<\/li>\n<li>La ley \u201cRider\u201d dar\u00e1 tres meses a las empresas para dar de alta a sus trabajadores<\/li>\n<li>El incremento salarial medio pactado en convenio comienza el a\u00f1o con un 1,44%<\/li>\n<li>Se aprueba un proyecto de reglamento que permitir\u00eda, utilizar algoritmos a la Inspecci\u00f3n de Trabajo y la Seguridad Social para la detecci\u00f3n del fraude<\/li>\n<li>El desempleo sube en 76.216 personas en enero<\/li>\n<li>El Gobierno negocia la implantaci\u00f3n un proyecto piloto para la jornada laboral de 4 d\u00edas<\/li>\n<li>Enero finaliza con 739.000 trabajadores en ERTE, 35.000 m\u00e1s que en diciembre<\/li>\n<li>Los registradores quieren proteger las grabaciones de audio y video de las Juntas telem\u00e1ticas<\/li>\n<li>Crear una sociedad con solo un Euro de capital social<\/li>\n<\/ul>\n","protected":false},"featured_media":0,"template":"","tipo_articulo":[3191],"ambito_geografico":[],"boletin":[4453],"class_list":["post-36539","noticias_boletin","type-noticias_boletin","status-publish","hentry","tipo_articulo-se-dice-que","boletin-junio-2025"],"acf":[],"_links":{"self":[{"href":"https:\/\/www.lksnext.com\/es\/wp-json\/wp\/v2\/noticias_boletin\/36539","targetHints":{"allow":["GET"]}}],"collection":[{"href":"https:\/\/www.lksnext.com\/es\/wp-json\/wp\/v2\/noticias_boletin"}],"about":[{"href":"https:\/\/www.lksnext.com\/es\/wp-json\/wp\/v2\/types\/noticias_boletin"}],"wp:attachment":[{"href":"https:\/\/www.lksnext.com\/es\/wp-json\/wp\/v2\/media?parent=36539"}],"wp:term":[{"taxonomy":"tipo_articulo","embeddable":true,"href":"https:\/\/www.lksnext.com\/es\/wp-json\/wp\/v2\/tipo_articulo?post=36539"},{"taxonomy":"ambito_geografico","embeddable":true,"href":"https:\/\/www.lksnext.com\/es\/wp-json\/wp\/v2\/ambito_geografico?post=36539"},{"taxonomy":"boletin","embeddable":true,"href":"https:\/\/www.lksnext.com\/es\/wp-json\/wp\/v2\/boletin?post=36539"}],"curies":[{"name":"wp","href":"https:\/\/api.w.org\/{rel}","templated":true}]}}