{"id":36540,"date":"2025-07-03T14:00:43","date_gmt":"2025-07-03T12:00:43","guid":{"rendered":"https:\/\/www.lksnext.com\/es\/?post_type=noticias_boletin&#038;p=36540"},"modified":"2025-07-03T14:00:43","modified_gmt":"2025-07-03T12:00:43","slug":"el-gobierno-vasco-abrira-una-linea-de-apoyo-financiero-al-sector-empresarial-para-paliar-los-efectos-de-los-gravamenes-arancelarios","status":"publish","type":"noticias_boletin","link":"https:\/\/www.lksnext.com\/es\/noticias_boletin\/el-gobierno-vasco-abrira-una-linea-de-apoyo-financiero-al-sector-empresarial-para-paliar-los-efectos-de-los-gravamenes-arancelarios\/","title":{"rendered":"El Gobierno Vasco abrir\u00e1 una l\u00ednea de apoyo financiero al sector empresarial para paliar los efectos de los grav\u00e1menes arancelarios"},"content":{"rendered":"<p>El Gobierno Vasco abrir\u00e1 una l\u00ednea de financiaci\u00f3n de hasta 450M\u20ac de apoyo al sector empresarial para atenuar los efectos de los grav\u00e1menes arancelarios. Para ello, el Consejo de Gobierno ha aprobado hoy la firma de los convenios con Elkargi y las principales entidades financieras de Euskadi para facilitar que las peque\u00f1as y medianas empresas, grandes empresas elegibles y personas empresarias individuales y profesionales aut\u00f3nomas, pertenecientes a sectores de actividad con mayor relaci\u00f3n comercial con EEUU. puedan atender a las necesidades de liquidez.<\/p>\n<p>Esta l\u00ednea de cr\u00e9dito estar\u00e1 canalizada por Elkargi y las entidades financieras. De este modo, las empresas que soliciten este pr\u00e9stamo deber\u00e1n gestionar el aval a trav\u00e9s de ELKARGI, quien analizar\u00e1 tambi\u00e9n caso por caso las solicitudes, aplicando los criterios ordinarios de an\u00e1lisis y decisi\u00f3n utilizados habitualmente. Estos pr\u00e9stamos tendr\u00e1n un plazo de amortizaci\u00f3n de 5 a\u00f1os con posibilidad de un m\u00e1ximo de 2 a\u00f1os de carencia.<\/p>\n","protected":false},"excerpt":{"rendered":"<ul>\n<li>Datos de recaudaci\u00f3n<\/li>\n<li>Acuerdo internacional sobre fiscalidad digital<\/li>\n<li>Hacienda ultima el reglamento del IRPF para adaptar las subidas y las reducciones de planes de pensiones<\/li>\n<li>Administraci\u00f3n Digital Integral (ADI)<\/li>\n<li>Ventas en Gipuzkoa<\/li>\n<li>Medidas en torno al alquiler<\/li>\n<li>Reforma fiscal en torno al autom\u00f3vil<\/li>\n<li>Proyecto de Ley Org\u00e1nica de Protecci\u00f3n de Datos Personales tratados para fines de prevenci\u00f3n, detecci\u00f3n, investigaci\u00f3n y enjuiciamiento de infracciones penales y de ejecuci\u00f3n de sanciones penales<\/li>\n<li>Propuesta de reforma para la Ley Concursal<\/li>\n<li>El Gobierno Central ultima medidas de solvencia y plantea que parte de su coste lo asuma la banca<\/li>\n<li>El Gobierno reformar\u00e1 el marco legal para poder aumentar las ayudas directas a aut\u00f3nomos y empresas<\/li>\n<li>Creaci\u00f3n de una aplicaci\u00f3n para el c\u00e1lculo de los plazos de duraci\u00f3n de un expediente de contrataci\u00f3n administrativa hasta su formalizaci\u00f3n<\/li>\n<li>El Gobierno Vasco impulsa el programa Azpitek para actualizar el equipamiento cient\u00edfico-t\u00e9cnico de las empresas vascas<\/li>\n<li>La ley \u201cRider\u201d dar\u00e1 tres meses a las empresas para dar de alta a sus trabajadores<\/li>\n<li>El incremento salarial medio pactado en convenio comienza el a\u00f1o con un 1,44%<\/li>\n<li>Se aprueba un proyecto de reglamento que permitir\u00eda, utilizar algoritmos a la Inspecci\u00f3n de Trabajo y la Seguridad Social para la detecci\u00f3n del fraude<\/li>\n<li>El desempleo sube en 76.216 personas en enero<\/li>\n<li>El Gobierno negocia la implantaci\u00f3n un proyecto piloto para la jornada laboral de 4 d\u00edas<\/li>\n<li>Enero finaliza con 739.000 trabajadores en ERTE, 35.000 m\u00e1s que en diciembre<\/li>\n<li>Los registradores quieren proteger las grabaciones de audio y video de las Juntas telem\u00e1ticas<\/li>\n<li>Crear una sociedad con solo un Euro de capital social<\/li>\n<\/ul>\n","protected":false},"featured_media":0,"template":"","tipo_articulo":[3191],"ambito_geografico":[],"boletin":[4453],"class_list":["post-36540","noticias_boletin","type-noticias_boletin","status-publish","hentry","tipo_articulo-se-dice-que","boletin-junio-2025"],"acf":[],"_links":{"self":[{"href":"https:\/\/www.lksnext.com\/es\/wp-json\/wp\/v2\/noticias_boletin\/36540","targetHints":{"allow":["GET"]}}],"collection":[{"href":"https:\/\/www.lksnext.com\/es\/wp-json\/wp\/v2\/noticias_boletin"}],"about":[{"href":"https:\/\/www.lksnext.com\/es\/wp-json\/wp\/v2\/types\/noticias_boletin"}],"wp:attachment":[{"href":"https:\/\/www.lksnext.com\/es\/wp-json\/wp\/v2\/media?parent=36540"}],"wp:term":[{"taxonomy":"tipo_articulo","embeddable":true,"href":"https:\/\/www.lksnext.com\/es\/wp-json\/wp\/v2\/tipo_articulo?post=36540"},{"taxonomy":"ambito_geografico","embeddable":true,"href":"https:\/\/www.lksnext.com\/es\/wp-json\/wp\/v2\/ambito_geografico?post=36540"},{"taxonomy":"boletin","embeddable":true,"href":"https:\/\/www.lksnext.com\/es\/wp-json\/wp\/v2\/boletin?post=36540"}],"curies":[{"name":"wp","href":"https:\/\/api.w.org\/{rel}","templated":true}]}}