{"id":36542,"date":"2025-07-03T14:00:41","date_gmt":"2025-07-03T12:00:41","guid":{"rendered":"https:\/\/www.lksnext.com\/es\/?post_type=noticias_boletin&#038;p=36542"},"modified":"2025-07-03T14:00:41","modified_gmt":"2025-07-03T12:00:41","slug":"materia-administrativa-navarra-junio-2025","status":"publish","type":"noticias_boletin","link":"https:\/\/www.lksnext.com\/es\/noticias_boletin\/materia-administrativa-navarra-junio-2025\/","title":{"rendered":"MATERIA ADMINISTRATIVA NAVARRA JUNIO 2025"},"content":{"rendered":"<h3><strong>APROBACI\u00d3N DEFINTIVA DEL PLAN TERRITORIAL PARCIAL DEL \u00c1REA FUNCIONAL DE BILBAO METROPOLITA<\/strong><\/h3>\n<p><strong>B.O.N.: <\/strong>19.06.2025<br \/>\n<strong>Entrada en vigor: <\/strong>20.06.2025<br \/>\n<strong>Efectos<\/strong>: 20.06.2025<\/p>\n<p>DECRETO FORAL 69\/2025, de 11 de junio, por el que se habilita y configura el sistema interno de informaci\u00f3n de la Administraci\u00f3n de la Comunidad Foral de Navarra y se determina su gesti\u00f3n.<\/p>\n<p>El objeto del decreto foral es habilitar y configurar el sistema interno de informaci\u00f3n de la Administraci\u00f3n de la Comunidad Foral de Navarra y sus organismos aut\u00f3nomos y entes de derecho p\u00fablico, en cumplimiento de lo establecido en la Ley 2\/2023, de 20 de febrero, reguladora de la protecci\u00f3n de las personas que informen sobre infracciones normativas y de lucha contra la corrupci\u00f3n.<\/p>\n<p>La necesidad de asumir normativamente tanto la Directiva (UE) 2019\/1937, de 23 de octubre, del Parlamento Europeo y del Consejo, como la norma estatal de su transposici\u00f3n al derecho interno, Ley 2\/2023, de 20 de febrero, obliga a habilitar y configurar en la Administraci\u00f3n de la Comunidad Foral de Navarra un sistema interno de informaci\u00f3n con su correspondiente canal de informaci\u00f3n, que posibilite la presentaci\u00f3n de informaciones o comunicaciones, incluso an\u00f3nimas, salvaguardando la identidad de las personas informadoras y la presunci\u00f3n de inocencia de las personas sobre las que recaen las informaciones o comunicaciones.<\/p>\n<p><strong><a class=\"boton naranja\" href=\"https:\/\/bon.navarra.es\/es\/anuncio\/-\/texto\/2025\/122\/6\">Bolet\u00edn oficial<\/a><\/strong><\/p>\n","protected":false},"excerpt":{"rendered":"<p>APROBACI\u00d3N DEFINTIVA DEL PLAN TERRITORIAL PARCIAL DEL \u00c1REA FUNCIONAL DE BILBAO METROPOLITA B.O.N.: 19.06.2025 Entrada en vigor: 20.06.2025 Efectos: 20.06.2025 DECRETO FORAL 69\/2025, de 11 de junio, por el que se habilita y configura el sistema interno de informaci\u00f3n de la Administraci\u00f3n de la Comunidad Foral de Navarra y se determina su gesti\u00f3n. El objeto [&hellip;]<\/p>\n","protected":false},"featured_media":0,"template":"","tipo_articulo":[3186],"ambito_geografico":[3197],"boletin":[4453],"class_list":["post-36542","noticias_boletin","type-noticias_boletin","status-publish","hentry","tipo_articulo-materia-administrativa","ambito_geografico-navarra","boletin-junio-2025"],"acf":[],"_links":{"self":[{"href":"https:\/\/www.lksnext.com\/es\/wp-json\/wp\/v2\/noticias_boletin\/36542","targetHints":{"allow":["GET"]}}],"collection":[{"href":"https:\/\/www.lksnext.com\/es\/wp-json\/wp\/v2\/noticias_boletin"}],"about":[{"href":"https:\/\/www.lksnext.com\/es\/wp-json\/wp\/v2\/types\/noticias_boletin"}],"wp:attachment":[{"href":"https:\/\/www.lksnext.com\/es\/wp-json\/wp\/v2\/media?parent=36542"}],"wp:term":[{"taxonomy":"tipo_articulo","embeddable":true,"href":"https:\/\/www.lksnext.com\/es\/wp-json\/wp\/v2\/tipo_articulo?post=36542"},{"taxonomy":"ambito_geografico","embeddable":true,"href":"https:\/\/www.lksnext.com\/es\/wp-json\/wp\/v2\/ambito_geografico?post=36542"},{"taxonomy":"boletin","embeddable":true,"href":"https:\/\/www.lksnext.com\/es\/wp-json\/wp\/v2\/boletin?post=36542"}],"curies":[{"name":"wp","href":"https:\/\/api.w.org\/{rel}","templated":true}]}}