{"id":36891,"date":"2025-07-29T16:40:53","date_gmt":"2025-07-29T14:40:53","guid":{"rendered":"https:\/\/www.lksnext.com\/es\/?post_type=noticias_boletin&#038;p=36891"},"modified":"2025-07-29T16:40:53","modified_gmt":"2025-07-29T14:40:53","slug":"ayudas-para-la-implantacion-de-la-responsabilidad-social-empresarial-y-el-fomento-de-la-participacion-de-las-personas-trabajadoras-en-las-empresas-de-la-capv-y-se-efectua-su-convocatoria-para-el-ano","status":"publish","type":"noticias_boletin","link":"https:\/\/www.lksnext.com\/es\/noticias_boletin\/ayudas-para-la-implantacion-de-la-responsabilidad-social-empresarial-y-el-fomento-de-la-participacion-de-las-personas-trabajadoras-en-las-empresas-de-la-capv-y-se-efectua-su-convocatoria-para-el-ano\/","title":{"rendered":"Ayudas para la implantaci\u00f3n de la responsabilidad social empresarial y el fomento de la participaci\u00f3n de las personas trabajadoras en las empresas de la CAPV, y se efect\u00faa su convocatoria para el a\u00f1o 2025"},"content":{"rendered":"<p><strong>B<\/strong><strong>.O.P.V.<\/strong><strong>:<\/strong> 22.07.2025<br \/>\n<strong>Entrada en vigor: <\/strong>23.07.2025<\/p>\n<h3><strong>Objeto<\/strong><\/h3>\n<p>Es objeto de la presente Orden, convocar para el ejercicio 2025, en los t\u00e9rminos que se recogen en las siguientes bases, las ayudas que el Gobierno Vasco, a trav\u00e9s del Departamento de Econom\u00eda, Trabajo y Empleo, otorgar\u00e1 para la implantaci\u00f3n de la responsabilidad social empresarial y el fomento de la participaci\u00f3n de las personas trabajadoras en las empresas de la Comunidad Aut\u00f3noma de Euskadi.<\/p>\n<h3><strong>Plazo de presentaci\u00f3n de solicitudes<\/strong><\/h3>\n<p>El plazo de presentaci\u00f3n de solicitudes ser\u00e1 desde el d\u00eda siguiente a la publicaci\u00f3n de la Orden en el Bolet\u00edn Oficial del Pa\u00eds Vasco hasta el 5 de septiembre de 2025, ambas fechas incluidas.<\/p>\n<p><strong><a class=\"boton naranja\" href=\"https:\/\/www.euskadi.eus\/web01-bopv\/es\/bopv2\/datos\/2025\/07\/2503205a.pdf\" target=\"_blank\" rel=\"noopener noreferrer\">Bolet\u00edn oficial<\/a><\/strong><\/p>\n","protected":false},"excerpt":{"rendered":"<p>B.O.P.V.: 22.07.2025 Entrada en vigor: 23.07.2025 Objeto Es objeto de la presente Orden, convocar para el ejercicio 2025, en los t\u00e9rminos que se recogen en las siguientes bases, las ayudas que el Gobierno Vasco, a trav\u00e9s del Departamento de Econom\u00eda, Trabajo y Empleo, otorgar\u00e1 para la implantaci\u00f3n de la responsabilidad social empresarial y el fomento [&hellip;]<\/p>\n","protected":false},"featured_media":0,"template":"","tipo_articulo":[3182],"ambito_geografico":[3198],"boletin":[4455],"class_list":["post-36891","noticias_boletin","type-noticias_boletin","status-publish","hentry","tipo_articulo-ayudas","ambito_geografico-pais-vasco","boletin-julio"],"acf":[],"_links":{"self":[{"href":"https:\/\/www.lksnext.com\/es\/wp-json\/wp\/v2\/noticias_boletin\/36891","targetHints":{"allow":["GET"]}}],"collection":[{"href":"https:\/\/www.lksnext.com\/es\/wp-json\/wp\/v2\/noticias_boletin"}],"about":[{"href":"https:\/\/www.lksnext.com\/es\/wp-json\/wp\/v2\/types\/noticias_boletin"}],"wp:attachment":[{"href":"https:\/\/www.lksnext.com\/es\/wp-json\/wp\/v2\/media?parent=36891"}],"wp:term":[{"taxonomy":"tipo_articulo","embeddable":true,"href":"https:\/\/www.lksnext.com\/es\/wp-json\/wp\/v2\/tipo_articulo?post=36891"},{"taxonomy":"ambito_geografico","embeddable":true,"href":"https:\/\/www.lksnext.com\/es\/wp-json\/wp\/v2\/ambito_geografico?post=36891"},{"taxonomy":"boletin","embeddable":true,"href":"https:\/\/www.lksnext.com\/es\/wp-json\/wp\/v2\/boletin?post=36891"}],"curies":[{"name":"wp","href":"https:\/\/api.w.org\/{rel}","templated":true}]}}