{"id":36974,"date":"2025-09-05T13:14:43","date_gmt":"2025-09-05T11:14:43","guid":{"rendered":"https:\/\/www.lksnext.com\/es\/?post_type=noticias_boletin&#038;p=36974"},"modified":"2025-09-05T13:14:43","modified_gmt":"2025-09-05T11:14:43","slug":"el-gobierno-aprueba-la-estrategia-de-la-inspeccion-de-trabajo-y-seguridad-social-2025-2027","status":"publish","type":"noticias_boletin","link":"https:\/\/www.lksnext.com\/es\/noticias_boletin\/el-gobierno-aprueba-la-estrategia-de-la-inspeccion-de-trabajo-y-seguridad-social-2025-2027\/","title":{"rendered":"El Gobierno aprueba la Estrategia de la Inspecci\u00f3n de Trabajo y Seguridad Social 2025-2027"},"content":{"rendered":"<p>El pasado martes, 26 de agosto, el Gobierno aprob\u00f3, a propuesta del Ministerio de Trabajo y Econom\u00eda Social, la nueva Estrategia de la Inspecci\u00f3n de Trabajo y Seguridad Social 2025-2027.<\/p>\n<p>Entre las medidas m\u00e1s destacables, esta Estrategia contempla:<\/p>\n<ul>\n<li><u>Refuerzo de personal inspector, administrativo y t\u00e9cnico<\/u>: Se prev\u00e9 incrementar el personal tanto en las inspecciones provinciales como en los servicios centrales.<\/li>\n<li><u>Modernizaci\u00f3n tecnol\u00f3gica<\/u>: Se pretende mejorar las herramientas tecnol\u00f3gicas disponibles con el objeto de utilizarlas en las nuevas formas de lucha contra el fraude en el \u00e1mbito laboral y de la Seguridad Social. Tambi\u00e9n se prev\u00e9 la creaci\u00f3n de una nueva sede electr\u00f3nica a disposici\u00f3n de la ciudadan\u00eda.<\/li>\n<li><u>Plan estructurado en 17 objetivos, agrupados en 2 ejes principales:<\/u>\n<ul>\n<li>Eje 1 \u2013 L\u00edneas de actuaci\u00f3n prioritaria de la actividad inspectora: Abarcan las relaciones laborales individuales y colectivas, seguridad y salud en el trabajo, igualdad y no discriminaci\u00f3n, promoci\u00f3n y protecci\u00f3n del empleo, seguridad social y lucha contra el trabajo no declarado.<\/li>\n<li>Eje 2 \u2013 Medidas estructurales, organizativas y operativas: Su objetivo es ofrecer un servicio p\u00fablico eficaz.<\/li>\n<\/ul>\n<\/li>\n<\/ul>\n","protected":false},"excerpt":{"rendered":"<ul>\n<li>Datos de recaudaci\u00f3n<\/li>\n<li>Acuerdo internacional sobre fiscalidad digital<\/li>\n<li>Hacienda ultima el reglamento del IRPF para adaptar las subidas y las reducciones de planes de pensiones<\/li>\n<li>Administraci\u00f3n Digital Integral (ADI)<\/li>\n<li>Ventas en Gipuzkoa<\/li>\n<li>Medidas en torno al alquiler<\/li>\n<li>Reforma fiscal en torno al autom\u00f3vil<\/li>\n<li>Proyecto de Ley Org\u00e1nica de Protecci\u00f3n de Datos Personales tratados para fines de prevenci\u00f3n, detecci\u00f3n, investigaci\u00f3n y enjuiciamiento de infracciones penales y de ejecuci\u00f3n de sanciones penales<\/li>\n<li>Propuesta de reforma para la Ley Concursal<\/li>\n<li>El Gobierno Central ultima medidas de solvencia y plantea que parte de su coste lo asuma la banca<\/li>\n<li>El Gobierno reformar\u00e1 el marco legal para poder aumentar las ayudas directas a aut\u00f3nomos y empresas<\/li>\n<li>Creaci\u00f3n de una aplicaci\u00f3n para el c\u00e1lculo de los plazos de duraci\u00f3n de un expediente de contrataci\u00f3n administrativa hasta su formalizaci\u00f3n<\/li>\n<li>El Gobierno Vasco impulsa el programa Azpitek para actualizar el equipamiento cient\u00edfico-t\u00e9cnico de las empresas vascas<\/li>\n<li>La ley \u201cRider\u201d dar\u00e1 tres meses a las empresas para dar de alta a sus trabajadores<\/li>\n<li>El incremento salarial medio pactado en convenio comienza el a\u00f1o con un 1,44%<\/li>\n<li>Se aprueba un proyecto de reglamento que permitir\u00eda, utilizar algoritmos a la Inspecci\u00f3n de Trabajo y la Seguridad Social para la detecci\u00f3n del fraude<\/li>\n<li>El desempleo sube en 76.216 personas en enero<\/li>\n<li>El Gobierno negocia la implantaci\u00f3n un proyecto piloto para la jornada laboral de 4 d\u00edas<\/li>\n<li>Enero finaliza con 739.000 trabajadores en ERTE, 35.000 m\u00e1s que en diciembre<\/li>\n<li>Los registradores quieren proteger las grabaciones de audio y video de las Juntas telem\u00e1ticas<\/li>\n<li>Crear una sociedad con solo un Euro de capital social<\/li>\n<\/ul>\n","protected":false},"featured_media":0,"template":"","tipo_articulo":[3191],"ambito_geografico":[],"boletin":[4456],"class_list":["post-36974","noticias_boletin","type-noticias_boletin","status-publish","hentry","tipo_articulo-se-dice-que","boletin-agosto-2025"],"acf":[],"_links":{"self":[{"href":"https:\/\/www.lksnext.com\/es\/wp-json\/wp\/v2\/noticias_boletin\/36974","targetHints":{"allow":["GET"]}}],"collection":[{"href":"https:\/\/www.lksnext.com\/es\/wp-json\/wp\/v2\/noticias_boletin"}],"about":[{"href":"https:\/\/www.lksnext.com\/es\/wp-json\/wp\/v2\/types\/noticias_boletin"}],"wp:attachment":[{"href":"https:\/\/www.lksnext.com\/es\/wp-json\/wp\/v2\/media?parent=36974"}],"wp:term":[{"taxonomy":"tipo_articulo","embeddable":true,"href":"https:\/\/www.lksnext.com\/es\/wp-json\/wp\/v2\/tipo_articulo?post=36974"},{"taxonomy":"ambito_geografico","embeddable":true,"href":"https:\/\/www.lksnext.com\/es\/wp-json\/wp\/v2\/ambito_geografico?post=36974"},{"taxonomy":"boletin","embeddable":true,"href":"https:\/\/www.lksnext.com\/es\/wp-json\/wp\/v2\/boletin?post=36974"}],"curies":[{"name":"wp","href":"https:\/\/api.w.org\/{rel}","templated":true}]}}