{"id":37703,"date":"2025-12-05T08:48:35","date_gmt":"2025-12-05T07:48:35","guid":{"rendered":"https:\/\/www.lksnext.com\/es\/?post_type=noticias_boletin&#038;p=37703"},"modified":"2025-12-05T08:48:35","modified_gmt":"2025-12-05T07:48:35","slug":"la-aepd-publica-su-politica-general-sobre-el-uso-de-ia-generativa-en-sus-procesos-administrativos-internos","status":"publish","type":"noticias_boletin","link":"https:\/\/www.lksnext.com\/es\/noticias_boletin\/la-aepd-publica-su-politica-general-sobre-el-uso-de-ia-generativa-en-sus-procesos-administrativos-internos\/","title":{"rendered":"La AEPD publica su Pol\u00edtica General sobre el uso de IA generativa en sus procesos administrativos internos"},"content":{"rendered":"<p>La Agencia Espa\u00f1ola de Protecci\u00f3n de Datos (en adelante, \u201cAEPD\u201d) ha difundido su nueva Pol\u00edtica General para el uso de herramientas de inteligencia artificial generativa (en adelante, \u201cIAG\u201d) en el desarrollo de su actividad administrativa interna. El documento, fechado el 27 de noviembre de 2025, explica c\u00f3mo la AEPD integrar\u00e1 estas tecnolog\u00edas en su operativa cotidiana, con pautas espec\u00edficas de organizaci\u00f3n, seguridad y transparencia. Se trata de una pol\u00edtica interna que no genera obligaciones para terceros, pero que marca las bases de c\u00f3mo la AEPD gestionar\u00e1 el uso de estas herramientas.<\/p>\n<p>La pol\u00edtica delimita expresamente su alcance: se aplica solo a los procesos internos de la AEPD y no pretende interpretar ni clasificar sistemas de acuerdo con el Reglamento Europeo de IA (en adelante, \u201cRIA\u201d). Su objetivo es ofrecer un marco que permita introducir herramientas de IAG en la actividad administrativa con criterios homog\u00e9neos y coordinados con las pol\u00edticas internas existentes.<\/p>\n<p>El documento detalla los fines que persigue la AEPD con la IAG. Entre ellos se encuentran la mejora de la eficiencia interna, la organizaci\u00f3n de los flujos documentales, la protecci\u00f3n de datos personales y de la informaci\u00f3n sensible, y la incorporaci\u00f3n de pautas de trazabilidad y transparencia en los procesos en los que intervenga la IAG.<\/p>\n<p>En cuanto a los usos previstos, la AEPD contempla la aplicaci\u00f3n de la IAG como herramienta de apoyo en tareas de an\u00e1lisis o resumen de documentos p\u00fablicos, traducciones institucionales, elaboraci\u00f3n de borradores y materiales divulgativos, creaci\u00f3n de esquemas o infograf\u00edas y preparaci\u00f3n de gr\u00e1ficos o informes basados en datos no confidenciales. Tambi\u00e9n podr\u00e1 utilizarse como apoyo en trabajos jur\u00eddicos o t\u00e9cnicos, siempre con supervisi\u00f3n humana y sin sustituir el criterio profesional. La AEPD indica que, en la situaci\u00f3n actual, estos usos no se encuadran en las categor\u00edas de \u201calto riesgo\u201d del RIA.<\/p>\n<p>El documento destaca los siguientes puntos:<\/p>\n<ul>\n<li>El uso de IAG en la AEPD tiene car\u00e1cter interno y se limita a tareas de apoyo sin sustituir la decisi\u00f3n administrativa.<\/li>\n<li>Los usos identificados no se consideran, en esta fase, incluidos en las categor\u00edas de \u201calto riesgo\u201d del RIA.<\/li>\n<li>La pol\u00edtica incorpora procedimientos de gobernanza, evaluaci\u00f3n de riesgos, documentaci\u00f3n y supervisi\u00f3n humana.<\/li>\n<li>La protecci\u00f3n de datos personales y de la informaci\u00f3n sensible se integra en todos los procesos en los que intervenga la IAG.<\/li>\n<li>La pol\u00edtica no crea obligaciones para terceros ni act\u00faa como interpretaci\u00f3n normativa del Reglamento europeo de IA.<\/li>\n<\/ul>\n<p>Con esta iniciativa, la AEPD establece un marco interno que define c\u00f3mo utilizar\u00e1 la IAG en sus procesos y qu\u00e9 medidas adoptar\u00e1 para organizar su uso. Adem\u00e1s, esta Pol\u00edtica puede servir como referencia para otras entidades p\u00fablicas que est\u00e9n estudiando la incorporaci\u00f3n de la IAG en su actividad.<\/p>\n","protected":false},"excerpt":{"rendered":"<ul>\n<li>Datos de recaudaci\u00f3n<\/li>\n<li>Acuerdo internacional sobre fiscalidad digital<\/li>\n<li>Hacienda ultima el reglamento del IRPF para adaptar las subidas y las reducciones de planes de pensiones<\/li>\n<li>Administraci\u00f3n Digital Integral (ADI)<\/li>\n<li>Ventas en Gipuzkoa<\/li>\n<li>Medidas en torno al alquiler<\/li>\n<li>Reforma fiscal en torno al autom\u00f3vil<\/li>\n<li>Proyecto de Ley Org\u00e1nica de Protecci\u00f3n de Datos Personales tratados para fines de prevenci\u00f3n, detecci\u00f3n, investigaci\u00f3n y enjuiciamiento de infracciones penales y de ejecuci\u00f3n de sanciones penales<\/li>\n<li>Propuesta de reforma para la Ley Concursal<\/li>\n<li>El Gobierno Central ultima medidas de solvencia y plantea que parte de su coste lo asuma la banca<\/li>\n<li>El Gobierno reformar\u00e1 el marco legal para poder aumentar las ayudas directas a aut\u00f3nomos y empresas<\/li>\n<li>Creaci\u00f3n de una aplicaci\u00f3n para el c\u00e1lculo de los plazos de duraci\u00f3n de un expediente de contrataci\u00f3n administrativa hasta su formalizaci\u00f3n<\/li>\n<li>El Gobierno Vasco impulsa el programa Azpitek para actualizar el equipamiento cient\u00edfico-t\u00e9cnico de las empresas vascas<\/li>\n<li>La ley \u201cRider\u201d dar\u00e1 tres meses a las empresas para dar de alta a sus trabajadores<\/li>\n<li>El incremento salarial medio pactado en convenio comienza el a\u00f1o con un 1,44%<\/li>\n<li>Se aprueba un proyecto de reglamento que permitir\u00eda, utilizar algoritmos a la Inspecci\u00f3n de Trabajo y la Seguridad Social para la detecci\u00f3n del fraude<\/li>\n<li>El desempleo sube en 76.216 personas en enero<\/li>\n<li>El Gobierno negocia la implantaci\u00f3n un proyecto piloto para la jornada laboral de 4 d\u00edas<\/li>\n<li>Enero finaliza con 739.000 trabajadores en ERTE, 35.000 m\u00e1s que en diciembre<\/li>\n<li>Los registradores quieren proteger las grabaciones de audio y video de las Juntas telem\u00e1ticas<\/li>\n<li>Crear una sociedad con solo un Euro de capital social<\/li>\n<\/ul>\n","protected":false},"featured_media":0,"template":"","tipo_articulo":[3191],"ambito_geografico":[],"boletin":[4459],"class_list":["post-37703","noticias_boletin","type-noticias_boletin","status-publish","hentry","tipo_articulo-se-dice-que","boletin-noviembre-2025"],"acf":[],"_links":{"self":[{"href":"https:\/\/www.lksnext.com\/es\/wp-json\/wp\/v2\/noticias_boletin\/37703","targetHints":{"allow":["GET"]}}],"collection":[{"href":"https:\/\/www.lksnext.com\/es\/wp-json\/wp\/v2\/noticias_boletin"}],"about":[{"href":"https:\/\/www.lksnext.com\/es\/wp-json\/wp\/v2\/types\/noticias_boletin"}],"wp:attachment":[{"href":"https:\/\/www.lksnext.com\/es\/wp-json\/wp\/v2\/media?parent=37703"}],"wp:term":[{"taxonomy":"tipo_articulo","embeddable":true,"href":"https:\/\/www.lksnext.com\/es\/wp-json\/wp\/v2\/tipo_articulo?post=37703"},{"taxonomy":"ambito_geografico","embeddable":true,"href":"https:\/\/www.lksnext.com\/es\/wp-json\/wp\/v2\/ambito_geografico?post=37703"},{"taxonomy":"boletin","embeddable":true,"href":"https:\/\/www.lksnext.com\/es\/wp-json\/wp\/v2\/boletin?post=37703"}],"curies":[{"name":"wp","href":"https:\/\/api.w.org\/{rel}","templated":true}]}}