{"id":37717,"date":"2025-12-05T08:48:29","date_gmt":"2025-12-05T07:48:29","guid":{"rendered":"https:\/\/www.lksnext.com\/es\/?post_type=noticias_boletin&#038;p=37717"},"modified":"2025-12-05T08:48:29","modified_gmt":"2025-12-05T07:48:29","slug":"el-fondo-estrategico-indartuz-arranca-con-65-me-para-financiar-inversiones-que-favorezcan-la-transformacion-de-la-economia-de-euskadi","status":"publish","type":"noticias_boletin","link":"https:\/\/www.lksnext.com\/es\/noticias_boletin\/el-fondo-estrategico-indartuz-arranca-con-65-me-para-financiar-inversiones-que-favorezcan-la-transformacion-de-la-economia-de-euskadi\/","title":{"rendered":"El Fondo Estrat\u00e9gico Indartuz arranca con 65 M\u20ac para financiar inversiones que favorezcan la transformaci\u00f3n de la econom\u00eda de Euskadi"},"content":{"rendered":"<p>El Consejo de Gobierno ha aprobado el decreto por el que se autoriza al Instituto Vasco de Finanzas (IVF) la creaci\u00f3n de la sociedad an\u00f3nima p\u00fablica \u00abIndartuz kapitala, S.A.\u00bb, fondo estrat\u00e9gico contemplado en el Plan de Inversiones Transformacionales \u201cEuskadi Eraldatuz 2030\u201d. Indartuz canalizar\u00e1, junto a Finkatuz, la mayor parte de los recursos de los 1.000 millones de euros comprometidos por el Gobierno Vasco en el marco de la Alianza Financiera Vasca.<\/p>\n<p>El fondo Indartuz representa una nueva forma de actuar en la pol\u00edtica financiera del Gobierno Vasco, un fondo de fondos para la inversi\u00f3n indirecta a trav\u00e9s de veh\u00edculos de gesti\u00f3n privada, sin limitar la posibilidad de que realice inversiones directas en proyectos o empresas.<\/p>\n<p>El objeto de este fondo estrat\u00e9gico se enmarca en los propios de Euskadi Eraldatuz 2030, movilizar recursos, propios y externos, hacia inversiones transformadoras dirigidas a impulsar el arraigo, el crecimiento y competitividad del tejido empresarial vasco. En concreto, en el Plan de inversiones se identifican los programas a desarrollar por el fondo, relativos a deuda flexible, escalabilidad empresarial, infraestructuras de futuro, y transici\u00f3n social.<\/p>\n","protected":false},"excerpt":{"rendered":"<ul>\n<li>Datos de recaudaci\u00f3n<\/li>\n<li>Acuerdo internacional sobre fiscalidad digital<\/li>\n<li>Hacienda ultima el reglamento del IRPF para adaptar las subidas y las reducciones de planes de pensiones<\/li>\n<li>Administraci\u00f3n Digital Integral (ADI)<\/li>\n<li>Ventas en Gipuzkoa<\/li>\n<li>Medidas en torno al alquiler<\/li>\n<li>Reforma fiscal en torno al autom\u00f3vil<\/li>\n<li>Proyecto de Ley Org\u00e1nica de Protecci\u00f3n de Datos Personales tratados para fines de prevenci\u00f3n, detecci\u00f3n, investigaci\u00f3n y enjuiciamiento de infracciones penales y de ejecuci\u00f3n de sanciones penales<\/li>\n<li>Propuesta de reforma para la Ley Concursal<\/li>\n<li>El Gobierno Central ultima medidas de solvencia y plantea que parte de su coste lo asuma la banca<\/li>\n<li>El Gobierno reformar\u00e1 el marco legal para poder aumentar las ayudas directas a aut\u00f3nomos y empresas<\/li>\n<li>Creaci\u00f3n de una aplicaci\u00f3n para el c\u00e1lculo de los plazos de duraci\u00f3n de un expediente de contrataci\u00f3n administrativa hasta su formalizaci\u00f3n<\/li>\n<li>El Gobierno Vasco impulsa el programa Azpitek para actualizar el equipamiento cient\u00edfico-t\u00e9cnico de las empresas vascas<\/li>\n<li>La ley \u201cRider\u201d dar\u00e1 tres meses a las empresas para dar de alta a sus trabajadores<\/li>\n<li>El incremento salarial medio pactado en convenio comienza el a\u00f1o con un 1,44%<\/li>\n<li>Se aprueba un proyecto de reglamento que permitir\u00eda, utilizar algoritmos a la Inspecci\u00f3n de Trabajo y la Seguridad Social para la detecci\u00f3n del fraude<\/li>\n<li>El desempleo sube en 76.216 personas en enero<\/li>\n<li>El Gobierno negocia la implantaci\u00f3n un proyecto piloto para la jornada laboral de 4 d\u00edas<\/li>\n<li>Enero finaliza con 739.000 trabajadores en ERTE, 35.000 m\u00e1s que en diciembre<\/li>\n<li>Los registradores quieren proteger las grabaciones de audio y video de las Juntas telem\u00e1ticas<\/li>\n<li>Crear una sociedad con solo un Euro de capital social<\/li>\n<\/ul>\n","protected":false},"featured_media":0,"template":"","tipo_articulo":[3191],"ambito_geografico":[],"boletin":[4459],"class_list":["post-37717","noticias_boletin","type-noticias_boletin","status-publish","hentry","tipo_articulo-se-dice-que","boletin-noviembre-2025"],"acf":[],"_links":{"self":[{"href":"https:\/\/www.lksnext.com\/es\/wp-json\/wp\/v2\/noticias_boletin\/37717","targetHints":{"allow":["GET"]}}],"collection":[{"href":"https:\/\/www.lksnext.com\/es\/wp-json\/wp\/v2\/noticias_boletin"}],"about":[{"href":"https:\/\/www.lksnext.com\/es\/wp-json\/wp\/v2\/types\/noticias_boletin"}],"wp:attachment":[{"href":"https:\/\/www.lksnext.com\/es\/wp-json\/wp\/v2\/media?parent=37717"}],"wp:term":[{"taxonomy":"tipo_articulo","embeddable":true,"href":"https:\/\/www.lksnext.com\/es\/wp-json\/wp\/v2\/tipo_articulo?post=37717"},{"taxonomy":"ambito_geografico","embeddable":true,"href":"https:\/\/www.lksnext.com\/es\/wp-json\/wp\/v2\/ambito_geografico?post=37717"},{"taxonomy":"boletin","embeddable":true,"href":"https:\/\/www.lksnext.com\/es\/wp-json\/wp\/v2\/boletin?post=37717"}],"curies":[{"name":"wp","href":"https:\/\/api.w.org\/{rel}","templated":true}]}}