{"id":37719,"date":"2025-12-05T08:48:32","date_gmt":"2025-12-05T07:48:32","guid":{"rendered":"https:\/\/www.lksnext.com\/es\/?post_type=noticias_boletin&#038;p=37719"},"modified":"2025-12-05T08:48:32","modified_gmt":"2025-12-05T07:48:32","slug":"el-gobierno-vasco-ha-presentado-hoy-en-rueda-de-prensa-los-avances-de-la-ley-de-agilizacion-y-simplificacion-administrativa","status":"publish","type":"noticias_boletin","link":"https:\/\/www.lksnext.com\/es\/noticias_boletin\/el-gobierno-vasco-ha-presentado-hoy-en-rueda-de-prensa-los-avances-de-la-ley-de-agilizacion-y-simplificacion-administrativa\/","title":{"rendered":"El Gobierno Vasco ha presentado hoy en rueda de prensa los avances de la Ley de agilizaci\u00f3n y simplificaci\u00f3n administrativa"},"content":{"rendered":"<p>La\u00a0 ley comienza ahora el proceso interno y la apertura de un proceso de participaci\u00f3n ciudadana, reforzando as\u00ed los valores de transparencia y corresponsabilidad. El desarrollo de esta norma concluir\u00e1 con la aprobaci\u00f3n en Consejo de Gobierno del anteproyecto de ley y, posteriormente, ser\u00e1 remitido al Parlamento Vasco.<\/p>\n<p>Este primer texto ha sido elaborado conjuntamente por el Gobierno Vasco, las diputaciones forales de \u00c1lava, Bizkaia y Gipuzkoa y EUDEL, un trabajo conjunto que ha permitido dotar al borrador de mayor solidez y consistencia t\u00e9cnica. La aplicaci\u00f3n de esta norma corresponder\u00e1 al Gobierno Vasco. Por su parte, las Diputaciones Forales y los ayuntamientos, que comparten su esp\u00edritu, desarrollar\u00e1n sus propios modelos en funci\u00f3n de sus pol\u00edticas y estrategias en este \u00e1mbito.<\/p>\n<p>Entre sus principales novedades destaca la Carpeta Ciudadana de Euskadi, un espacio digital \u00fanico para consultar expedientes, aportar documentos, gestionar consentimientos y recibir avisos, organizada adem\u00e1s por momentos vitales y perfiles de usuario. La Administraci\u00f3n podr\u00e1 ofrecer servicios proactivos y la ciudadan\u00eda podr\u00e1 activar alertas personalizadas para no perder ning\u00fan plazo.<\/p>\n<p>Asimismo, la norma impulsar\u00e1 tr\u00e1mites m\u00e1s r\u00e1pidos mediante la prioridad de declaraciones responsables frente a licencias, fomentar\u00e1 el uso de formularios m\u00e1s simples y prerellenados, permitir\u00e1 la presentaci\u00f3n masiva de solicitudes para colectivos con alta carga administrativa y habilitar\u00e1 respuestas automatizadas con supervisi\u00f3n cuando sea posible. Los procedimientos tendr\u00e1n un plazo m\u00e1ximo de tres meses, ampliable solo por ley y por inter\u00e9s general, y el silencio administrativo ser\u00e1 positivo en los procedimientos iniciados por la persona interesada, salvo excepciones legales.<\/p>\n","protected":false},"excerpt":{"rendered":"<ul>\n<li>Datos de recaudaci\u00f3n<\/li>\n<li>Acuerdo internacional sobre fiscalidad digital<\/li>\n<li>Hacienda ultima el reglamento del IRPF para adaptar las subidas y las reducciones de planes de pensiones<\/li>\n<li>Administraci\u00f3n Digital Integral (ADI)<\/li>\n<li>Ventas en Gipuzkoa<\/li>\n<li>Medidas en torno al alquiler<\/li>\n<li>Reforma fiscal en torno al autom\u00f3vil<\/li>\n<li>Proyecto de Ley Org\u00e1nica de Protecci\u00f3n de Datos Personales tratados para fines de prevenci\u00f3n, detecci\u00f3n, investigaci\u00f3n y enjuiciamiento de infracciones penales y de ejecuci\u00f3n de sanciones penales<\/li>\n<li>Propuesta de reforma para la Ley Concursal<\/li>\n<li>El Gobierno Central ultima medidas de solvencia y plantea que parte de su coste lo asuma la banca<\/li>\n<li>El Gobierno reformar\u00e1 el marco legal para poder aumentar las ayudas directas a aut\u00f3nomos y empresas<\/li>\n<li>Creaci\u00f3n de una aplicaci\u00f3n para el c\u00e1lculo de los plazos de duraci\u00f3n de un expediente de contrataci\u00f3n administrativa hasta su formalizaci\u00f3n<\/li>\n<li>El Gobierno Vasco impulsa el programa Azpitek para actualizar el equipamiento cient\u00edfico-t\u00e9cnico de las empresas vascas<\/li>\n<li>La ley \u201cRider\u201d dar\u00e1 tres meses a las empresas para dar de alta a sus trabajadores<\/li>\n<li>El incremento salarial medio pactado en convenio comienza el a\u00f1o con un 1,44%<\/li>\n<li>Se aprueba un proyecto de reglamento que permitir\u00eda, utilizar algoritmos a la Inspecci\u00f3n de Trabajo y la Seguridad Social para la detecci\u00f3n del fraude<\/li>\n<li>El desempleo sube en 76.216 personas en enero<\/li>\n<li>El Gobierno negocia la implantaci\u00f3n un proyecto piloto para la jornada laboral de 4 d\u00edas<\/li>\n<li>Enero finaliza con 739.000 trabajadores en ERTE, 35.000 m\u00e1s que en diciembre<\/li>\n<li>Los registradores quieren proteger las grabaciones de audio y video de las Juntas telem\u00e1ticas<\/li>\n<li>Crear una sociedad con solo un Euro de capital social<\/li>\n<\/ul>\n","protected":false},"featured_media":0,"template":"","tipo_articulo":[3191],"ambito_geografico":[],"boletin":[4459],"class_list":["post-37719","noticias_boletin","type-noticias_boletin","status-publish","hentry","tipo_articulo-se-dice-que","boletin-noviembre-2025"],"acf":[],"_links":{"self":[{"href":"https:\/\/www.lksnext.com\/es\/wp-json\/wp\/v2\/noticias_boletin\/37719","targetHints":{"allow":["GET"]}}],"collection":[{"href":"https:\/\/www.lksnext.com\/es\/wp-json\/wp\/v2\/noticias_boletin"}],"about":[{"href":"https:\/\/www.lksnext.com\/es\/wp-json\/wp\/v2\/types\/noticias_boletin"}],"wp:attachment":[{"href":"https:\/\/www.lksnext.com\/es\/wp-json\/wp\/v2\/media?parent=37719"}],"wp:term":[{"taxonomy":"tipo_articulo","embeddable":true,"href":"https:\/\/www.lksnext.com\/es\/wp-json\/wp\/v2\/tipo_articulo?post=37719"},{"taxonomy":"ambito_geografico","embeddable":true,"href":"https:\/\/www.lksnext.com\/es\/wp-json\/wp\/v2\/ambito_geografico?post=37719"},{"taxonomy":"boletin","embeddable":true,"href":"https:\/\/www.lksnext.com\/es\/wp-json\/wp\/v2\/boletin?post=37719"}],"curies":[{"name":"wp","href":"https:\/\/api.w.org\/{rel}","templated":true}]}}