{"id":37974,"date":"2026-01-12T11:38:02","date_gmt":"2026-01-12T10:38:02","guid":{"rendered":"https:\/\/www.lksnext.com\/es\/?post_type=noticias_boletin&#038;p=37974"},"modified":"2026-01-12T12:35:37","modified_gmt":"2026-01-12T11:35:37","slug":"real-decreto-ley-16-2025-de-23-de-diciembre-por-el-que-se-prorrogan-determinadas-medidas-para-hacer-frente-a-situaciones-de-vulnerabilidad-social-y-se-adoptan-medidas-urgentes-en-materia-tributaria","status":"publish","type":"noticias_boletin","link":"https:\/\/www.lksnext.com\/es\/noticias_boletin\/real-decreto-ley-16-2025-de-23-de-diciembre-por-el-que-se-prorrogan-determinadas-medidas-para-hacer-frente-a-situaciones-de-vulnerabilidad-social-y-se-adoptan-medidas-urgentes-en-materia-tributaria\/","title":{"rendered":"Pr\u00f3rroga de la moratoria societaria"},"content":{"rendered":"<p>Este mes de enero el Congreso deber\u00e1 convalidar el Real Decreto-ley 16\/2025, \u00a0en el que se incluye la Disposici\u00f3n Adicional Cuarta por la que se ampl\u00eda un (1) a\u00f1o el plazo de la conocida como \u00abmoratoria societaria\u00bb. Inicialmente, esta moratoria modificaba el r\u00e9gimen sobre disoluci\u00f3n obligatoria recogido en el art. 363.1. e) LSC hasta el cierre del ejercicio 2024, de tal manera que no se computaban las p\u00e9rdidas acumuladas de 2020 y 2021 para determinar si la sociedad incurr\u00eda en causa de disoluci\u00f3n por p\u00e9rdidas graves. Ahora dicha moratoria se prorroga hasta el cierre del ejercicio 2026.<\/p>\n<p style=\"padding-left: 40px;\"><em>\u00ab<\/em><em>A los solos efectos de determinar la concurrencia de la causa de disoluci\u00f3n prevista en el art\u00edculo 363.1.e) del texto refundido de la Ley de Sociedades de Capital, aprobado por el Real Decreto Legislativo 1\/2010, de 2 de julio, no se tomar\u00e1n en consideraci\u00f3n las p\u00e9rdidas de los ejercicios 2020 y 2021 hasta el cierre del ejercicio que se inicie en el a\u00f1o 2026.<\/em><\/p>\n<p style=\"padding-left: 40px;\"><em>\u00a0<\/em><em>Si, excluidas las p\u00e9rdidas de los a\u00f1os 2020 y 2021 en los t\u00e9rminos se\u00f1alados en el apartado anterior, en el resultado del ejercicio 2022, 2023, 2024, 2025 o 2026 se apreciaran p\u00e9rdidas que dejen reducido el patrimonio neto a una cantidad inferior a la mitad del capital social, deber\u00e1 convocarse por los administradores o podr\u00e1 solicitarse por cualquier socio en el plazo de dos meses a contar desde el cierre del ejercicio conforme al art\u00edculo 365 de la citada Ley, la celebraci\u00f3n de Junta para proceder a la disoluci\u00f3n de la sociedad, a no ser que se aumente o reduzca el capital en la medida suficiente<\/em> <em>\u00bb.<\/em><\/p>\n","protected":false},"excerpt":{"rendered":"<ul>\n<li>Datos de recaudaci\u00f3n<\/li>\n<li>Acuerdo internacional sobre fiscalidad digital<\/li>\n<li>Hacienda ultima el reglamento del IRPF para adaptar las subidas y las reducciones de planes de pensiones<\/li>\n<li>Administraci\u00f3n Digital Integral (ADI)<\/li>\n<li>Ventas en Gipuzkoa<\/li>\n<li>Medidas en torno al alquiler<\/li>\n<li>Reforma fiscal en torno al autom\u00f3vil<\/li>\n<li>Proyecto de Ley Org\u00e1nica de Protecci\u00f3n de Datos Personales tratados para fines de prevenci\u00f3n, detecci\u00f3n, investigaci\u00f3n y enjuiciamiento de infracciones penales y de ejecuci\u00f3n de sanciones penales<\/li>\n<li>Propuesta de reforma para la Ley Concursal<\/li>\n<li>El Gobierno Central ultima medidas de solvencia y plantea que parte de su coste lo asuma la banca<\/li>\n<li>El Gobierno reformar\u00e1 el marco legal para poder aumentar las ayudas directas a aut\u00f3nomos y empresas<\/li>\n<li>Creaci\u00f3n de una aplicaci\u00f3n para el c\u00e1lculo de los plazos de duraci\u00f3n de un expediente de contrataci\u00f3n administrativa hasta su formalizaci\u00f3n<\/li>\n<li>El Gobierno Vasco impulsa el programa Azpitek para actualizar el equipamiento cient\u00edfico-t\u00e9cnico de las empresas vascas<\/li>\n<li>La ley \u201cRider\u201d dar\u00e1 tres meses a las empresas para dar de alta a sus trabajadores<\/li>\n<li>El incremento salarial medio pactado en convenio comienza el a\u00f1o con un 1,44%<\/li>\n<li>Se aprueba un proyecto de reglamento que permitir\u00eda, utilizar algoritmos a la Inspecci\u00f3n de Trabajo y la Seguridad Social para la detecci\u00f3n del fraude<\/li>\n<li>El desempleo sube en 76.216 personas en enero<\/li>\n<li>El Gobierno negocia la implantaci\u00f3n un proyecto piloto para la jornada laboral de 4 d\u00edas<\/li>\n<li>Enero finaliza con 739.000 trabajadores en ERTE, 35.000 m\u00e1s que en diciembre<\/li>\n<li>Los registradores quieren proteger las grabaciones de audio y video de las Juntas telem\u00e1ticas<\/li>\n<li>Crear una sociedad con solo un Euro de capital social<\/li>\n<\/ul>\n","protected":false},"featured_media":0,"template":"","tipo_articulo":[3190],"ambito_geografico":[],"boletin":[4460],"class_list":["post-37974","noticias_boletin","type-noticias_boletin","status-publish","hentry","tipo_articulo-noticias-de-interes","boletin-diciembre-2025"],"acf":[],"_links":{"self":[{"href":"https:\/\/www.lksnext.com\/es\/wp-json\/wp\/v2\/noticias_boletin\/37974","targetHints":{"allow":["GET"]}}],"collection":[{"href":"https:\/\/www.lksnext.com\/es\/wp-json\/wp\/v2\/noticias_boletin"}],"about":[{"href":"https:\/\/www.lksnext.com\/es\/wp-json\/wp\/v2\/types\/noticias_boletin"}],"wp:attachment":[{"href":"https:\/\/www.lksnext.com\/es\/wp-json\/wp\/v2\/media?parent=37974"}],"wp:term":[{"taxonomy":"tipo_articulo","embeddable":true,"href":"https:\/\/www.lksnext.com\/es\/wp-json\/wp\/v2\/tipo_articulo?post=37974"},{"taxonomy":"ambito_geografico","embeddable":true,"href":"https:\/\/www.lksnext.com\/es\/wp-json\/wp\/v2\/ambito_geografico?post=37974"},{"taxonomy":"boletin","embeddable":true,"href":"https:\/\/www.lksnext.com\/es\/wp-json\/wp\/v2\/boletin?post=37974"}],"curies":[{"name":"wp","href":"https:\/\/api.w.org\/{rel}","templated":true}]}}