{"id":37981,"date":"2026-01-12T11:37:24","date_gmt":"2026-01-12T10:37:24","guid":{"rendered":"https:\/\/www.lksnext.com\/es\/?post_type=noticias_boletin&#038;p=37981"},"modified":"2026-01-12T11:37:24","modified_gmt":"2026-01-12T10:37:24","slug":"trabajo-y-sindicatos-pactan-ampliar-el-permiso-por-fallecimiento-de-familiar","status":"publish","type":"noticias_boletin","link":"https:\/\/www.lksnext.com\/es\/noticias_boletin\/trabajo-y-sindicatos-pactan-ampliar-el-permiso-por-fallecimiento-de-familiar\/","title":{"rendered":"Trabajo y sindicatos pactan ampliar el permiso por fallecimiento de familiar"},"content":{"rendered":"<p>El pasado 15 de diciembre, el Ministerio de Trabajo y Econom\u00eda Social alcanz\u00f3 un acuerdo con los sindicatos CCOO y UGT, sin la patronal, para modificar el Estatuto de los Trabajadores. A continuaci\u00f3n, resumimos los aspectos m\u00e1s relevantes del acuerdo:<\/p>\n<ul>\n<li><strong>Ampliaci\u00f3n del permiso por fallecimiento del c\u00f3nyuge, pareja de hecho o de familiares hasta segundo grado de consanguinidad o afinidad<\/strong>: Hasta 10 d\u00edas laborables, que podr\u00e1n disfrutarse de forma continuada o discontinua, hasta 4 semanas despu\u00e9s del fallecimiento.<\/li>\n<\/ul>\n<ul>\n<li><strong>Introducci\u00f3n de dos nuevos permisos<\/strong>:\n<ul>\n<li><u>Permiso para acompa\u00f1ar a familiares en cuidados paliativos<\/u>: Hasta 15 d\u00edas laborables de duraci\u00f3n.<\/li>\n<li><u>Permiso para acompa\u00f1ar a una persona que haya elegido recibir la eutanasia<\/u>: Duraci\u00f3n de 1 d\u00eda, con independencia de la existencia o no de v\u00ednculo familiar.<\/li>\n<\/ul>\n<\/li>\n<\/ul>\n<p>El acuerdo deber\u00e1 ahora tramitarse en el Congreso de los Diputados, donde el Ministerio de Trabajo y Econom\u00eda Social tendr\u00e1 que recabar los apoyos necesarios para su aprobaci\u00f3n como normativa.<\/p>\n","protected":false},"excerpt":{"rendered":"<ul>\n<li>Datos de recaudaci\u00f3n<\/li>\n<li>Acuerdo internacional sobre fiscalidad digital<\/li>\n<li>Hacienda ultima el reglamento del IRPF para adaptar las subidas y las reducciones de planes de pensiones<\/li>\n<li>Administraci\u00f3n Digital Integral (ADI)<\/li>\n<li>Ventas en Gipuzkoa<\/li>\n<li>Medidas en torno al alquiler<\/li>\n<li>Reforma fiscal en torno al autom\u00f3vil<\/li>\n<li>Proyecto de Ley Org\u00e1nica de Protecci\u00f3n de Datos Personales tratados para fines de prevenci\u00f3n, detecci\u00f3n, investigaci\u00f3n y enjuiciamiento de infracciones penales y de ejecuci\u00f3n de sanciones penales<\/li>\n<li>Propuesta de reforma para la Ley Concursal<\/li>\n<li>El Gobierno Central ultima medidas de solvencia y plantea que parte de su coste lo asuma la banca<\/li>\n<li>El Gobierno reformar\u00e1 el marco legal para poder aumentar las ayudas directas a aut\u00f3nomos y empresas<\/li>\n<li>Creaci\u00f3n de una aplicaci\u00f3n para el c\u00e1lculo de los plazos de duraci\u00f3n de un expediente de contrataci\u00f3n administrativa hasta su formalizaci\u00f3n<\/li>\n<li>El Gobierno Vasco impulsa el programa Azpitek para actualizar el equipamiento cient\u00edfico-t\u00e9cnico de las empresas vascas<\/li>\n<li>La ley \u201cRider\u201d dar\u00e1 tres meses a las empresas para dar de alta a sus trabajadores<\/li>\n<li>El incremento salarial medio pactado en convenio comienza el a\u00f1o con un 1,44%<\/li>\n<li>Se aprueba un proyecto de reglamento que permitir\u00eda, utilizar algoritmos a la Inspecci\u00f3n de Trabajo y la Seguridad Social para la detecci\u00f3n del fraude<\/li>\n<li>El desempleo sube en 76.216 personas en enero<\/li>\n<li>El Gobierno negocia la implantaci\u00f3n un proyecto piloto para la jornada laboral de 4 d\u00edas<\/li>\n<li>Enero finaliza con 739.000 trabajadores en ERTE, 35.000 m\u00e1s que en diciembre<\/li>\n<li>Los registradores quieren proteger las grabaciones de audio y video de las Juntas telem\u00e1ticas<\/li>\n<li>Crear una sociedad con solo un Euro de capital social<\/li>\n<\/ul>\n","protected":false},"featured_media":0,"template":"","tipo_articulo":[3191],"ambito_geografico":[],"boletin":[4460],"class_list":["post-37981","noticias_boletin","type-noticias_boletin","status-publish","hentry","tipo_articulo-se-dice-que","boletin-diciembre-2025"],"acf":[],"_links":{"self":[{"href":"https:\/\/www.lksnext.com\/es\/wp-json\/wp\/v2\/noticias_boletin\/37981","targetHints":{"allow":["GET"]}}],"collection":[{"href":"https:\/\/www.lksnext.com\/es\/wp-json\/wp\/v2\/noticias_boletin"}],"about":[{"href":"https:\/\/www.lksnext.com\/es\/wp-json\/wp\/v2\/types\/noticias_boletin"}],"wp:attachment":[{"href":"https:\/\/www.lksnext.com\/es\/wp-json\/wp\/v2\/media?parent=37981"}],"wp:term":[{"taxonomy":"tipo_articulo","embeddable":true,"href":"https:\/\/www.lksnext.com\/es\/wp-json\/wp\/v2\/tipo_articulo?post=37981"},{"taxonomy":"ambito_geografico","embeddable":true,"href":"https:\/\/www.lksnext.com\/es\/wp-json\/wp\/v2\/ambito_geografico?post=37981"},{"taxonomy":"boletin","embeddable":true,"href":"https:\/\/www.lksnext.com\/es\/wp-json\/wp\/v2\/boletin?post=37981"}],"curies":[{"name":"wp","href":"https:\/\/api.w.org\/{rel}","templated":true}]}}