{"id":37984,"date":"2026-01-12T11:37:23","date_gmt":"2026-01-12T10:37:23","guid":{"rendered":"https:\/\/www.lksnext.com\/es\/?post_type=noticias_boletin&#038;p=37984"},"modified":"2026-01-12T12:06:13","modified_gmt":"2026-01-12T11:06:13","slug":"materia-laboral-estado-diciembre-2025","status":"publish","type":"noticias_boletin","link":"https:\/\/www.lksnext.com\/es\/noticias_boletin\/materia-laboral-estado-diciembre-2025\/","title":{"rendered":"MATERIA LABORAL ESTADO DICIEMBRE 2025"},"content":{"rendered":"<h3><strong>RESOLUCI\u00d3N DE LA SECRETAR\u00cdA DE ESTADO DE FUNCI\u00d3N P\u00daBLICA, POR LA QUE SE ESTABLECE A EFECTOS DE C\u00d3MPUTO DE PLAZOS, EL CALENDARIO DE D\u00cdAS INH\u00c1BILES EN EL \u00c1MBITO DE LA ADMINISTRACI\u00d3N GENERAL DEL ESTADO PARA EL A\u00d1O 2026<\/strong><\/h3>\n<p><strong>B.O.E.<\/strong>: 24\/11\/2025.<br \/>\n<strong>Fecha de efectos<\/strong>: 01\/01\/2026.<\/p>\n<p><span data-ccp-props=\"{&quot;335551550&quot;:6,&quot;335551620&quot;:6}\"><strong><a class=\"boton naranja\" href=\"https:\/\/www.boe.es\/eli\/es\/res\/2025\/11\/18\/(3)\">Bolet\u00edn oficial<\/a><\/strong><\/span><\/p>\n<hr \/>\n<h3><strong>LEY 9\/2025 DE MOVILIDAD SOSTENIBLE<\/strong><\/h3>\n<p><strong>B..OE.<\/strong>: 04\/12\/2025.<br \/>\n<strong>Entrada en vigor<\/strong>: 05\/12\/2025.<\/p>\n<p><span data-ccp-props=\"{&quot;335551550&quot;:6,&quot;335551620&quot;:6}\"><strong><a class=\"boton naranja\" href=\"https:\/\/www.boe.es\/eli\/es\/l\/2025\/12\/03\/9\/con\">Bolet\u00edn oficial<\/a><\/strong><\/span><\/p>\n<hr \/>\n<h3><strong>RESOLUCI\u00d3N DEL SERVICIO P\u00daBLICO DE EMPLEO ESTATAL, POR LA QUE SE ESTABLECEN DETERMINADAS MEDIDAS EN MATERIA DE FORMACI\u00d3N EN EL TRABAJO, PARA LA INICIATIVA DE FORMACI\u00d3N PROGRAMADA POR LAS EMPRESAS EN EL EJERCICIO 2026<\/strong><\/h3>\n<p><strong>B.O.E.<\/strong>: 16\/12\/2025.<br \/>\n<strong>Fecha de efectos<\/strong>: 17\/12\/2025.<\/p>\n<p><span data-ccp-props=\"{&quot;335551550&quot;:6,&quot;335551620&quot;:6}\"><strong><a class=\"boton naranja\" href=\"https:\/\/www.boe.es\/eli\/es\/l\/2025\/12\/03\/9\/con\">Bolet\u00edn oficial<\/a><\/strong><\/span><\/p>\n<hr \/>\n<h3><strong>LA RESOLUCI\u00d3N TIENE POR OBJETO MANTENER CIERTAS MEDIDAS DE CAR\u00c1CTER EXTRAORDINARIO EN LA INICIATIVA DE FORMACI\u00d3N PROGRAMADA POR LAS EMPRESAS DURANTE EL 2026<\/strong><\/h3>\n<p><strong>B.O.E.<\/strong>: 16\/12\/2025.<br \/>\n<strong>Fecha de efectos<\/strong>: 17\/12\/2025.<\/p>\n<p>La Resoluci\u00f3n tiene por objeto mantener ciertas medidas de car\u00e1cter extraordinario en la iniciativa de formaci\u00f3n programada por las empresas durante el 2026.<\/p>\n<p>Entre estas medidas, destacan las siguientes:<\/p>\n<ul>\n<li><strong><u>Utilizaci\u00f3n de aula virtual como formaci\u00f3n presencial<\/u>:<\/strong> Cuando la formaci\u00f3n programada por las empresas durante el 2026 se imparta en modalidad presencial, se podr\u00e1 impartir:\n<ul>\n<li>Mediante \u201caula virtual\u201d, consider\u00e1ndose como formaci\u00f3n presencial.<\/li>\n<li>Mediante un sistema de impartici\u00f3n bimodal, que permita impartir la formaci\u00f3n de forma presencial a una parte de las personas participantes, mientras que otra la realiza de forma virtual.<\/li>\n<\/ul>\n<\/li>\n<li><strong><u>Uso de medios electr\u00f3nicos<\/u><\/strong>:\n<ul>\n<li>Se podr\u00e1 hacer uso de medios electr\u00f3nicos para el control de asistencia de las personas participantes a las formaciones (mediante la herramienta Firmasistencia.fundae.es u otra).<\/li>\n<li>Los cuestionarios de evaluaci\u00f3n de calidad de la acci\u00f3n formativa estar\u00e1n a disposici\u00f3n de las personas participantes a trav\u00e9s de la herramienta Firmasistencia.fundae.es.<\/li>\n<\/ul>\n<\/li>\n<li><strong><u>Permisos individuales de formaci\u00f3n<\/u><\/strong>: Durante el 2026, las personas trabajadoras podr\u00e1n solicitar permisos individuales de formaci\u00f3n a sus empresas, para asistir a acciones formativas impartidas mediante aula virtual o sistema bimodal.<\/li>\n<\/ul>\n<p><span data-ccp-props=\"{&quot;335551550&quot;:6,&quot;335551620&quot;:6}\"><strong><a class=\"boton naranja\" href=\"https:\/\/www.boe.es\/eli\/es\/res\/2025\/11\/25\/(3)\">Bolet\u00edn oficial<\/a><\/strong><\/span><\/p>\n<hr \/>\n<h3><strong>ORDEN TES\/1494\/2025 POR LA QUE SE PUBLICA EL SELLO PARA LA ECONOM\u00cdA SOCIAL<\/strong><\/h3>\n<p><strong>B.O.E.<\/strong>: 20\/12\/2025<br \/>\n<strong>Entrada en vigor<\/strong>: 21\/12\/2025.<\/p>\n<p><span data-ccp-props=\"{&quot;335551550&quot;:6,&quot;335551620&quot;:6}\"><strong><a class=\"boton naranja\" href=\"https:\/\/www.boe.es\/diario_boe\/txt.php?id=BOE-A-2025-26194\">Bolet\u00edn oficial<\/a><\/strong><\/span><\/p>\n<hr \/>\n<h3><strong>REAL DECRETO-LEY 16\/2025 POR EL QUE SE PRORROGAN DETERMINADAS MEDIDAS PARA HACER FRENTE A SITUACIONES DE VULNERABILIDAD SOCIAL, Y SE ADOPTAN MEDIDAS URGENTES EN MATERIA TRIBUTARIA Y DE SEGURIDAD SOCIAL<\/strong><\/h3>\n<p><strong>B.O.E.<\/strong>: 24\/12\/2025.<br \/>\n<strong>Entrada en vigor<\/strong>: 25\/12\/2025; con las siguientes salvedades, en materia de Seguridad Social:<\/p>\n<ul>\n<li>El Cap\u00edtulo III, relativo a medidas sobre pensiones y otras prestaciones p\u00fablicas, produce efectos desde el 01\/01\/2026.<\/li>\n<li>La modificaci\u00f3n de la Disposici\u00f3n Transitoria Trig\u00e9sima Quinta [sic].1 de la Ley General de la Seguridad Social, relativa a la jubilaci\u00f3n de los facultativos de atenci\u00f3n primaria, m\u00e9dicos de familia, y pediatras adscritos al Sistema Nacional de Salud, produce efectos desde el 29\/12\/2025.<\/li>\n<\/ul>\n<p><strong><a class=\"boton naranja\" href=\"https:\/\/www.boe.es\/eli\/es\/rdl\/2025\/12\/23\/16\">Bolet\u00edn oficial<\/a><\/strong><\/p>\n<hr \/>\n<h3><strong>ORDEN PJC\/1545\/2025 POR LA QUE SE PUBLICA EL ACUERDO DEL CONSEJO DE MINISTROS DE 9 DE DICIEMBRE DE 2025, POR EL QUE SE PRORROGA EL MECANISMO RED DE FLEXIBILIDAD Y ESTABILIZACI\u00d3N DEL EMPLEO PARA EL SECTOR DE LA FABRICACI\u00d3N DE VEH\u00cdCULOS DE MOTOR<\/strong><\/h3>\n<p><strong>B.O.E<\/strong>: 30\/12\/2025.<br \/>\n<strong>Efectos<\/strong>: Desde el 01\/01\/2026 hasta el 30\/06\/2026.<\/p>\n<p><strong><a class=\"boton naranja\" href=\"https:\/\/www.boe.es\/eli\/es\/o\/2025\/12\/26\/pjc1545\">Bolet\u00edn oficial<\/a><\/strong><\/p>\n<hr \/>\n<h3><strong>ORDEN ISM\/1547\/2025 POR LA QUE SE REGULA LA GESTI\u00d3N COLECTIVA DE CONTRATACIONES EN ORIGEN PARA 2026<\/strong><\/h3>\n<p><strong>B.O.E<\/strong>: 30\/12\/2025.<br \/>\n<strong>Vigencia<\/strong>: Desde el 01\/01\/2026 hasta el 31\/12\/2026.<\/p>\n<p><strong><a class=\"boton naranja\" href=\"https:\/\/www.boe.es\/eli\/es\/o\/2025\/12\/23\/ism1547\">Bolet\u00edn oficial<\/a><\/strong><\/p>\n<hr \/>\n<h3><strong>REAL DECRETO 1189\/2025 POR EL QUE SE MODIFICAN DISPOSICIONES CORRESPONDIENTES AL R\u00c9GIMEN DE LA FORMACI\u00d3N PROGRAMADA EN LAS EMPRESAS Y DE DETERMINADAS SUBVENCIONES EN EL \u00c1MBITO DEL EMPLEO Y LA FORMACI\u00d3N EN EL TRABAJO<\/strong><\/h3>\n<p><strong>B.O.E.<\/strong>: 31\/12\/2025.<br \/>\n<strong>Entrada en vigor<\/strong>: 01\/01\/2026.<\/p>\n<p>Se modifican dos reglamentos en materia de sistema de formaci\u00f3n en el trabajo:<\/p>\n<ul>\n<li><u>Modificaci\u00f3n del Real Decreto 357\/2006<\/u>: Modificaciones en materia de concesi\u00f3n directa de subvenciones a corporaciones locales, y en materia de concesi\u00f3n directa de percepciones econ\u00f3micas por asistencia diaria a acciones de formaci\u00f3n en el trabajo.<\/li>\n<\/ul>\n<ul>\n<li><u>Modificaci\u00f3n del Real Decreto 694\/2017<\/u>: Modificaciones con el objeto de,<\/li>\n<\/ul>\n<ol>\n<li style=\"list-style-type: none;\">\n<ol>\n<li>Reforzar el seguimiento y control de las acciones formativas;<\/li>\n<li>Matizar las reglas de aplicaci\u00f3n y justificaci\u00f3n de las bonificaciones que financian las acciones formativas; y<\/li>\n<li>Ampliar las competencias de las Comisiones Paritarias Sectoriales existentes, en aquellos casos en los que no se hayan constituido Estructuras Paritarias.<\/li>\n<\/ol>\n<\/li>\n<\/ol>\n<p><strong><a class=\"boton naranja\" href=\"https:\/\/www.boe.es\/eli\/es\/rd\/2025\/12\/26\/1189\">Bolet\u00edn oficial<\/a><\/strong><\/p>\n<p>&nbsp;<\/p>\n","protected":false},"excerpt":{"rendered":"<p>RESOLUCI\u00d3N DE LA SECRETAR\u00cdA DE ESTADO DE FUNCI\u00d3N P\u00daBLICA, POR LA QUE SE ESTABLECE A EFECTOS DE C\u00d3MPUTO DE PLAZOS, EL CALENDARIO DE D\u00cdAS INH\u00c1BILES EN EL \u00c1MBITO DE LA ADMINISTRACI\u00d3N GENERAL DEL ESTADO PARA EL A\u00d1O 2026 B.O.E.: 24\/11\/2025. Fecha de efectos: 01\/01\/2026. Bolet\u00edn oficial LEY 9\/2025 DE MOVILIDAD SOSTENIBLE B..OE.: 04\/12\/2025. Entrada en [&hellip;]<\/p>\n","protected":false},"featured_media":0,"template":"","tipo_articulo":[3188],"ambito_geografico":[3194],"boletin":[4460],"class_list":["post-37984","noticias_boletin","type-noticias_boletin","status-publish","hentry","tipo_articulo-materia-laboral","ambito_geografico-estado","boletin-diciembre-2025"],"acf":[],"_links":{"self":[{"href":"https:\/\/www.lksnext.com\/es\/wp-json\/wp\/v2\/noticias_boletin\/37984","targetHints":{"allow":["GET"]}}],"collection":[{"href":"https:\/\/www.lksnext.com\/es\/wp-json\/wp\/v2\/noticias_boletin"}],"about":[{"href":"https:\/\/www.lksnext.com\/es\/wp-json\/wp\/v2\/types\/noticias_boletin"}],"wp:attachment":[{"href":"https:\/\/www.lksnext.com\/es\/wp-json\/wp\/v2\/media?parent=37984"}],"wp:term":[{"taxonomy":"tipo_articulo","embeddable":true,"href":"https:\/\/www.lksnext.com\/es\/wp-json\/wp\/v2\/tipo_articulo?post=37984"},{"taxonomy":"ambito_geografico","embeddable":true,"href":"https:\/\/www.lksnext.com\/es\/wp-json\/wp\/v2\/ambito_geografico?post=37984"},{"taxonomy":"boletin","embeddable":true,"href":"https:\/\/www.lksnext.com\/es\/wp-json\/wp\/v2\/boletin?post=37984"}],"curies":[{"name":"wp","href":"https:\/\/api.w.org\/{rel}","templated":true}]}}