{"id":37988,"date":"2026-01-12T11:37:24","date_gmt":"2026-01-12T10:37:24","guid":{"rendered":"https:\/\/www.lksnext.com\/es\/?post_type=noticias_boletin&#038;p=37988"},"modified":"2026-01-12T11:37:24","modified_gmt":"2026-01-12T10:37:24","slug":"la-aepd-concreta-en-un-anexo-la-implantacion-de-la-iag-en-sus-procesos-administrativos","status":"publish","type":"noticias_boletin","link":"https:\/\/www.lksnext.com\/es\/noticias_boletin\/la-aepd-concreta-en-un-anexo-la-implantacion-de-la-iag-en-sus-procesos-administrativos\/","title":{"rendered":"La AEPD concreta en un Anexo la implantaci\u00f3n de la IAG en sus procesos administrativos"},"content":{"rendered":"<p>La Agencia Espa\u00f1ola de Protecci\u00f3n de Datos (en adelante, \u201cAEPD\u201d) ha difundido un anexo de implementaci\u00f3n de su Pol\u00edtica General para el uso de herramientas de inteligencia artificial generativa (en adelante, \u201cIAG\u201d) en el desarrollo de sus procesos administrativos. Este documento, fechado el 11 de diciembre de 2025, concreta c\u00f3mo se llevar\u00e1 a la pr\u00e1ctica la pol\u00edtica general previamente publicada, detallando los casos de uso, los riesgos asociados y las medidas de control necesarias para garantizar la protecci\u00f3n de datos personales, la seguridad de la informaci\u00f3n y la transparencia institucional.<\/p>\n<p>Se trata de un Anexo que delimita el \u00e1mbito de aplicaci\u00f3n de la IAG en la AEPD, circunscribi\u00e9ndolo a procesos internos y distinguiendo tres tipolog\u00edas de sistemas: sistemas externos (servicios de terceros en la nube), sistemas internos (modelos desplegados en infraestructura bajo control de la Agencia) y sistemas ad-hoc (soluciones desarrolladas o afinadas espec\u00edficamente para su entorno). Esta clasificaci\u00f3n permite evaluar el impacto y el nivel de riesgo de cada uso.<\/p>\n<p>En \u00e9l, se detallan los objetivos perseguidos con la implantaci\u00f3n de la IAG, entre los que se encuentran la mejora de la eficiencia organizativa, la automatizaci\u00f3n de tareas de bajo valor a\u00f1adido, el refuerzo de la trazabilidad de los procesos y la incorporaci\u00f3n sistem\u00e1tica de criterios de protecci\u00f3n de datos y seguridad de la informaci\u00f3n desde el dise\u00f1o.<\/p>\n<p>En cuanto a los usos previstos, la AEPD identifica, entre otros, la aplicaci\u00f3n de la IAG para resumir y estructurar documentos p\u00fablicos, traducir documentaci\u00f3n institucional, apoyar la creaci\u00f3n de materiales divulgativos, analizar fuentes jur\u00eddicas p\u00fablicas para elaborar marcos argumentales o estudios comparados, clasificar y resumir denuncias y consultas, y automatizar el seguimiento de indicadores estrat\u00e9gicos. Todos estos usos quedan condicionados a la exclusi\u00f3n de datos personales cuando se utilicen sistemas externos, a la anonimizaci\u00f3n previa cuando sea necesario y, en todo caso, a la revisi\u00f3n y control humano sin generaci\u00f3n de decisiones automatizadas vinculantes .<\/p>\n<p>El anexo destaca los siguientes puntos:<\/p>\n<ul>\n<li>La AEPD clasifica los sistemas de IAG en externos, internos y ad-hoc, con distintos niveles de riesgo y control.<\/li>\n<li>Se identifican de forma sistem\u00e1tica amenazas t\u00e9cnicas, organizativas y de protecci\u00f3n de datos, especialmente en relaci\u00f3n con fugas de informaci\u00f3n, sesgos, falta de trazabilidad e inyecci\u00f3n de prompts.<\/li>\n<li>Se establecen obligaciones de revisi\u00f3n editorial, supervisi\u00f3n humana, anonimizaci\u00f3n y trazabilidad en todos los casos de uso con impacto jur\u00eddico o tratamiento de datos personales.<\/li>\n<li>Se prev\u00e9 un plan de despliegue por fases que incluye evaluaci\u00f3n previa, formaci\u00f3n del personal, pruebas piloto, auditor\u00edas peri\u00f3dicas y mejora continua.<\/li>\n<li>El uso de IAG se concibe como herramienta de apoyo y nunca como sustituto de la valoraci\u00f3n profesional ni de la decisi\u00f3n administrativa.<\/li>\n<\/ul>\n<p>Con este anexo, la AEPD refuerza el enfoque de responsabilidad proactiva y puede servir de referencia para otras administraciones p\u00fablicas que est\u00e9n valorando la incorporaci\u00f3n de la IAG en sus procesos internos.<\/p>\n","protected":false},"excerpt":{"rendered":"<ul>\n<li>Datos de recaudaci\u00f3n<\/li>\n<li>Acuerdo internacional sobre fiscalidad digital<\/li>\n<li>Hacienda ultima el reglamento del IRPF para adaptar las subidas y las reducciones de planes de pensiones<\/li>\n<li>Administraci\u00f3n Digital Integral (ADI)<\/li>\n<li>Ventas en Gipuzkoa<\/li>\n<li>Medidas en torno al alquiler<\/li>\n<li>Reforma fiscal en torno al autom\u00f3vil<\/li>\n<li>Proyecto de Ley Org\u00e1nica de Protecci\u00f3n de Datos Personales tratados para fines de prevenci\u00f3n, detecci\u00f3n, investigaci\u00f3n y enjuiciamiento de infracciones penales y de ejecuci\u00f3n de sanciones penales<\/li>\n<li>Propuesta de reforma para la Ley Concursal<\/li>\n<li>El Gobierno Central ultima medidas de solvencia y plantea que parte de su coste lo asuma la banca<\/li>\n<li>El Gobierno reformar\u00e1 el marco legal para poder aumentar las ayudas directas a aut\u00f3nomos y empresas<\/li>\n<li>Creaci\u00f3n de una aplicaci\u00f3n para el c\u00e1lculo de los plazos de duraci\u00f3n de un expediente de contrataci\u00f3n administrativa hasta su formalizaci\u00f3n<\/li>\n<li>El Gobierno Vasco impulsa el programa Azpitek para actualizar el equipamiento cient\u00edfico-t\u00e9cnico de las empresas vascas<\/li>\n<li>La ley \u201cRider\u201d dar\u00e1 tres meses a las empresas para dar de alta a sus trabajadores<\/li>\n<li>El incremento salarial medio pactado en convenio comienza el a\u00f1o con un 1,44%<\/li>\n<li>Se aprueba un proyecto de reglamento que permitir\u00eda, utilizar algoritmos a la Inspecci\u00f3n de Trabajo y la Seguridad Social para la detecci\u00f3n del fraude<\/li>\n<li>El desempleo sube en 76.216 personas en enero<\/li>\n<li>El Gobierno negocia la implantaci\u00f3n un proyecto piloto para la jornada laboral de 4 d\u00edas<\/li>\n<li>Enero finaliza con 739.000 trabajadores en ERTE, 35.000 m\u00e1s que en diciembre<\/li>\n<li>Los registradores quieren proteger las grabaciones de audio y video de las Juntas telem\u00e1ticas<\/li>\n<li>Crear una sociedad con solo un Euro de capital social<\/li>\n<\/ul>\n","protected":false},"featured_media":0,"template":"","tipo_articulo":[3191],"ambito_geografico":[],"boletin":[4460],"class_list":["post-37988","noticias_boletin","type-noticias_boletin","status-publish","hentry","tipo_articulo-se-dice-que","boletin-diciembre-2025"],"acf":[],"_links":{"self":[{"href":"https:\/\/www.lksnext.com\/es\/wp-json\/wp\/v2\/noticias_boletin\/37988","targetHints":{"allow":["GET"]}}],"collection":[{"href":"https:\/\/www.lksnext.com\/es\/wp-json\/wp\/v2\/noticias_boletin"}],"about":[{"href":"https:\/\/www.lksnext.com\/es\/wp-json\/wp\/v2\/types\/noticias_boletin"}],"wp:attachment":[{"href":"https:\/\/www.lksnext.com\/es\/wp-json\/wp\/v2\/media?parent=37988"}],"wp:term":[{"taxonomy":"tipo_articulo","embeddable":true,"href":"https:\/\/www.lksnext.com\/es\/wp-json\/wp\/v2\/tipo_articulo?post=37988"},{"taxonomy":"ambito_geografico","embeddable":true,"href":"https:\/\/www.lksnext.com\/es\/wp-json\/wp\/v2\/ambito_geografico?post=37988"},{"taxonomy":"boletin","embeddable":true,"href":"https:\/\/www.lksnext.com\/es\/wp-json\/wp\/v2\/boletin?post=37988"}],"curies":[{"name":"wp","href":"https:\/\/api.w.org\/{rel}","templated":true}]}}