{"id":37992,"date":"2026-01-12T11:37:24","date_gmt":"2026-01-12T10:37:24","guid":{"rendered":"https:\/\/www.lksnext.com\/es\/?post_type=noticias_boletin&#038;p=37992"},"modified":"2026-01-12T11:37:24","modified_gmt":"2026-01-12T10:37:24","slug":"derecho-de-supresion-de-datos-personales-de-actividades-publicas-criterio-de-la-aepd","status":"publish","type":"noticias_boletin","link":"https:\/\/www.lksnext.com\/es\/noticias_boletin\/derecho-de-supresion-de-datos-personales-de-actividades-publicas-criterio-de-la-aepd\/","title":{"rendered":"Derecho de supresi\u00f3n de datos personales de actividades p\u00fablicas: Criterio de la AEPD"},"content":{"rendered":"<p>La Agencia Espa\u00f1ola de Protecci\u00f3n de Datos (en adelante, AEPD) ha emitido una resoluci\u00f3n que clarifica los l\u00edmites del derecho de supresi\u00f3n cuando se trata de informaci\u00f3n relacionada con actividades p\u00fablicas. El caso analizado involucra a una persona que, tras dejar de ostentar un cargo relevante en una entidad, solicit\u00f3 la retirada de v\u00eddeos corporativos donde aparec\u00eda participando en actos p\u00fablicos vinculados a su antigua posici\u00f3n. Estos contenidos se encontraban publicados en la p\u00e1gina web, el canal de YouTube y otros espacios digitales gestionados por la organizaci\u00f3n.<\/p>\n<p>La AEPD recuerda que, si bien el art\u00edculo 17 del RGPD reconoce el derecho de supresi\u00f3n, este no es absoluto y debe ponderarse frente a otros derechos fundamentales como la libertad de expresi\u00f3n y el derecho a la informaci\u00f3n. Apoy\u00e1ndose en jurisprudencia de la Audiencia Nacional, el Tribunal Supremo y el Tribunal de Justicia de la Uni\u00f3n Europea, la Agencia se\u00f1ala que el derecho al olvido no ampara la eliminaci\u00f3n de informaciones veraces relacionadas con la actividad p\u00fablica de una persona, ni permite reescribir su trayectoria profesional. El mero hecho de dejar de ostentar un cargo no implica autom\u00e1ticamente que dichos contenidos hayan perdido su relevancia p\u00fablica.<\/p>\n<p>En su an\u00e1lisis del caso concreto, la AEPD concluye que la informaci\u00f3n publicada no pertenece a la esfera personal del reclamante, no puede considerarse obsoleta ni inexacta, y el interesado no ha alegado circunstancias personales espec\u00edficas que justifiquen la prevalencia de su derecho a la protecci\u00f3n de datos. Por tanto, debe prevalecer la libertad de expresi\u00f3n e informaci\u00f3n, as\u00ed como el inter\u00e9s leg\u00edtimo de los usuarios de internet en acceder a esta informaci\u00f3n sobre actividades p\u00fablicas.<\/p>\n<p>Por tanto, se consolida el criterio de que las actividades p\u00fablicas documentadas mantienen su legitimidad de difusi\u00f3n m\u00e1s all\u00e1 del cese del cargo que motiv\u00f3 la participaci\u00f3n en las mismas.<\/p>\n","protected":false},"excerpt":{"rendered":"<ul>\n<li>Datos de recaudaci\u00f3n<\/li>\n<li>Acuerdo internacional sobre fiscalidad digital<\/li>\n<li>Hacienda ultima el reglamento del IRPF para adaptar las subidas y las reducciones de planes de pensiones<\/li>\n<li>Administraci\u00f3n Digital Integral (ADI)<\/li>\n<li>Ventas en Gipuzkoa<\/li>\n<li>Medidas en torno al alquiler<\/li>\n<li>Reforma fiscal en torno al autom\u00f3vil<\/li>\n<li>Proyecto de Ley Org\u00e1nica de Protecci\u00f3n de Datos Personales tratados para fines de prevenci\u00f3n, detecci\u00f3n, investigaci\u00f3n y enjuiciamiento de infracciones penales y de ejecuci\u00f3n de sanciones penales<\/li>\n<li>Propuesta de reforma para la Ley Concursal<\/li>\n<li>El Gobierno Central ultima medidas de solvencia y plantea que parte de su coste lo asuma la banca<\/li>\n<li>El Gobierno reformar\u00e1 el marco legal para poder aumentar las ayudas directas a aut\u00f3nomos y empresas<\/li>\n<li>Creaci\u00f3n de una aplicaci\u00f3n para el c\u00e1lculo de los plazos de duraci\u00f3n de un expediente de contrataci\u00f3n administrativa hasta su formalizaci\u00f3n<\/li>\n<li>El Gobierno Vasco impulsa el programa Azpitek para actualizar el equipamiento cient\u00edfico-t\u00e9cnico de las empresas vascas<\/li>\n<li>La ley \u201cRider\u201d dar\u00e1 tres meses a las empresas para dar de alta a sus trabajadores<\/li>\n<li>El incremento salarial medio pactado en convenio comienza el a\u00f1o con un 1,44%<\/li>\n<li>Se aprueba un proyecto de reglamento que permitir\u00eda, utilizar algoritmos a la Inspecci\u00f3n de Trabajo y la Seguridad Social para la detecci\u00f3n del fraude<\/li>\n<li>El desempleo sube en 76.216 personas en enero<\/li>\n<li>El Gobierno negocia la implantaci\u00f3n un proyecto piloto para la jornada laboral de 4 d\u00edas<\/li>\n<li>Enero finaliza con 739.000 trabajadores en ERTE, 35.000 m\u00e1s que en diciembre<\/li>\n<li>Los registradores quieren proteger las grabaciones de audio y video de las Juntas telem\u00e1ticas<\/li>\n<li>Crear una sociedad con solo un Euro de capital social<\/li>\n<\/ul>\n","protected":false},"featured_media":0,"template":"","tipo_articulo":[3190],"ambito_geografico":[],"boletin":[4460],"class_list":["post-37992","noticias_boletin","type-noticias_boletin","status-publish","hentry","tipo_articulo-noticias-de-interes","boletin-diciembre-2025"],"acf":[],"_links":{"self":[{"href":"https:\/\/www.lksnext.com\/es\/wp-json\/wp\/v2\/noticias_boletin\/37992","targetHints":{"allow":["GET"]}}],"collection":[{"href":"https:\/\/www.lksnext.com\/es\/wp-json\/wp\/v2\/noticias_boletin"}],"about":[{"href":"https:\/\/www.lksnext.com\/es\/wp-json\/wp\/v2\/types\/noticias_boletin"}],"wp:attachment":[{"href":"https:\/\/www.lksnext.com\/es\/wp-json\/wp\/v2\/media?parent=37992"}],"wp:term":[{"taxonomy":"tipo_articulo","embeddable":true,"href":"https:\/\/www.lksnext.com\/es\/wp-json\/wp\/v2\/tipo_articulo?post=37992"},{"taxonomy":"ambito_geografico","embeddable":true,"href":"https:\/\/www.lksnext.com\/es\/wp-json\/wp\/v2\/ambito_geografico?post=37992"},{"taxonomy":"boletin","embeddable":true,"href":"https:\/\/www.lksnext.com\/es\/wp-json\/wp\/v2\/boletin?post=37992"}],"curies":[{"name":"wp","href":"https:\/\/api.w.org\/{rel}","templated":true}]}}