{"id":37999,"date":"2026-01-12T11:37:23","date_gmt":"2026-01-12T10:37:23","guid":{"rendered":"https:\/\/www.lksnext.com\/es\/?post_type=noticias_boletin&#038;p=37999"},"modified":"2026-01-12T11:37:23","modified_gmt":"2026-01-12T10:37:23","slug":"materia-administrativa-navarra-diciembre-2025","status":"publish","type":"noticias_boletin","link":"https:\/\/www.lksnext.com\/es\/noticias_boletin\/materia-administrativa-navarra-diciembre-2025\/","title":{"rendered":"MATERIA ADMINISTRATIVA NAVARRA DICIEMBRE 2025"},"content":{"rendered":"<h3><strong>MODIFICACI\u00d3N DE LA LEY FORAL 10\/2010, DE 10 DE MAYO, DEL DERECHO A LA VIVIENDA EN NAVARRA<\/strong><\/h3>\n<p><strong>B.O.N.: <\/strong>12.12.2025<strong><br \/>\n<\/strong><strong>Entrada en vigor: <\/strong>13.12.2025<br \/>\n<strong>Efectos<\/strong>:<strong> 13.12.2025<\/strong><\/p>\n<p>La Ley Foral 9\/2025, de 30 de junio, para el Derecho a la Vivienda Asequible en Navarra, que modifica la Ley Foral 10\/2010, de 10 de mayo, del Derecho a la Vivienda en Navarra, y el Decreto Foral Legislativo 1\/2017, de 26 de julio, por el que se aprueba el Texto Refundido de la Ley Foral de Ordenaci\u00f3n del Territorio y Urbanismo, ha supuesto un cambio trascendental en el modelo y r\u00e9gimen de adjudicaci\u00f3n de las viviendas protegidas en Navarra, introduciendo importantes avances en la mejora del acceso a una vivienda adecuada y asequible.<\/p>\n<p>No obstante, tras su entrada en vigor, se han advertido determinadas imprecisiones de \u00edndole t\u00e9cnica que, si bien no alteran el contenido esencial de la ley foral, dificultan su aplicaci\u00f3n plena y efectiva, especialmente en lo que respecta a la tramitaci\u00f3n de los procedimientos de adjudicaci\u00f3n de las viviendas protegidas.<\/p>\n<p>Con la modificaci\u00f3n se pretende corregir dichos peque\u00f1os desajustes de car\u00e1cter t\u00e9cnico y facilitar as\u00ed la correcta implementaci\u00f3n del nuevo sistema de adjudicaci\u00f3n, con plenas garant\u00edas tanto administrativas como inform\u00e1ticas. Asimismo, se incorporan medidas destinadas a reforzar la funci\u00f3n social de la vivienda y garantizar un uso m\u00e1s justo y eficiente del parque residencial, delimitando con m\u00e1s precisi\u00f3n el sistema de definici\u00f3n de viviendas deshabitadas y se introduce la figura del alquiler forzoso para viviendas declaradas deshabitadas que permanezcan vac\u00edas durante m\u00e1s de un a\u00f1o.<\/p>\n<p>Por otro lado, se introduce una nueva disposici\u00f3n transitoria vig\u00e9sima s\u00e9ptima sobre la vivienda colaborativa como nueva forma de acceso, uso y gesti\u00f3n del parque residencial, basadas en la cooperaci\u00f3n, la propiedad colectiva y el derecho de uso como alternativa al r\u00e9gimen de propiedad individual. Asimismo, se a\u00f1ade una nueva disposici\u00f3n adicional trig\u00e9sima cuarta con el fin de apoyar a la rehabilitaci\u00f3n en municipios en riesgo de despoblaci\u00f3n, estableciendo la posibilidad de reforzar mediante orden foral las subvenciones y ayudas p\u00fablicas con el fin de facilitar la fijaci\u00f3n poblacional y promover la revitalizaci\u00f3n del medio rural.<\/p>\n<p class=\"paragraph\" style=\"margin: 0cm; text-align: justify; vertical-align: baseline;\"><strong><a class=\"boton naranja\" href=\"https:\/\/bon.navarra.es\/es\/anuncio\/-\/texto\/2025\/247\/0#\">Bolet\u00edn oficial<\/a><\/strong><\/p>\n<hr \/>\n<h3><strong>LEY FORAL 16\/2025, DE 22 DE DICIEMBRE, DE PRESUPUESTOS GENERALES DE NAVARRA PARA EL A\u00d1O 2026<\/strong><\/h3>\n<p class=\"paragraph\" style=\"margin: 0cm; text-align: justify; vertical-align: baseline;\"><span class=\"normaltextrun\"><b><span style=\"font-size: 11.0pt; font-family: 'Calibri',sans-serif;\">B.O.N.: <\/span><\/b><span style=\"font-size: 11.0pt; font-family: 'Calibri',sans-serif;\">31.12.2025<\/span><b><span style=\"font-size: 11.0pt; font-family: 'Calibri',sans-serif;\"><br \/>\n<\/span><\/b><\/span><span class=\"normaltextrun\"><b><span style=\"font-size: 11.0pt; font-family: 'Calibri',sans-serif;\">Entrada en vigor: <\/span><\/b><span style=\"font-size: 11.0pt; font-family: 'Calibri',sans-serif;\">01.01.2026<br \/>\n<\/span><\/span><span class=\"normaltextrun\"><b><span style=\"font-size: 11.0pt; font-family: 'Calibri',sans-serif;\">Efectos<\/span><\/b><\/span><span class=\"normaltextrun\"><span style=\"font-size: 11.0pt; font-family: 'Calibri',sans-serif;\">: 01.01.2026<\/span><\/span><b><\/b><\/p>\n<p class=\"paragraph\" style=\"text-align: justify; vertical-align: baseline;\"><span class=\"normaltextrun\"><span style=\"font-size: 11.0pt; font-family: 'Calibri',sans-serif;\">Se aprueban a trav\u00e9s de la mencionada ley los presupuestos Generales de la Comunidad Foral de Navarra que establecen el l\u00edmite m\u00e1ximo de gastos y la estimaci\u00f3n de los ingresos durante el ejercicio, as\u00ed como los l\u00edmites m\u00e1ximos de prestaci\u00f3n de garant\u00edas y de endeudamiento que les sean de aplicaci\u00f3n.<\/span><\/span><\/p>\n<p><strong><a class=\"boton naranja\" href=\"https:\/\/bon.navarra.es\/es\/anuncio\/-\/texto\/2025\/260\/0\">Bolet\u00edn oficial<\/a><\/strong><\/p>\n","protected":false},"excerpt":{"rendered":"<p>MODIFICACI\u00d3N DE LA LEY FORAL 10\/2010, DE 10 DE MAYO, DEL DERECHO A LA VIVIENDA EN NAVARRA B.O.N.: 12.12.2025 Entrada en vigor: 13.12.2025 Efectos: 13.12.2025 La Ley Foral 9\/2025, de 30 de junio, para el Derecho a la Vivienda Asequible en Navarra, que modifica la Ley Foral 10\/2010, de 10 de mayo, del Derecho a [&hellip;]<\/p>\n","protected":false},"featured_media":0,"template":"","tipo_articulo":[3186],"ambito_geografico":[3197],"boletin":[4460],"class_list":["post-37999","noticias_boletin","type-noticias_boletin","status-publish","hentry","tipo_articulo-materia-administrativa","ambito_geografico-navarra","boletin-diciembre-2025"],"acf":[],"_links":{"self":[{"href":"https:\/\/www.lksnext.com\/es\/wp-json\/wp\/v2\/noticias_boletin\/37999","targetHints":{"allow":["GET"]}}],"collection":[{"href":"https:\/\/www.lksnext.com\/es\/wp-json\/wp\/v2\/noticias_boletin"}],"about":[{"href":"https:\/\/www.lksnext.com\/es\/wp-json\/wp\/v2\/types\/noticias_boletin"}],"wp:attachment":[{"href":"https:\/\/www.lksnext.com\/es\/wp-json\/wp\/v2\/media?parent=37999"}],"wp:term":[{"taxonomy":"tipo_articulo","embeddable":true,"href":"https:\/\/www.lksnext.com\/es\/wp-json\/wp\/v2\/tipo_articulo?post=37999"},{"taxonomy":"ambito_geografico","embeddable":true,"href":"https:\/\/www.lksnext.com\/es\/wp-json\/wp\/v2\/ambito_geografico?post=37999"},{"taxonomy":"boletin","embeddable":true,"href":"https:\/\/www.lksnext.com\/es\/wp-json\/wp\/v2\/boletin?post=37999"}],"curies":[{"name":"wp","href":"https:\/\/api.w.org\/{rel}","templated":true}]}}