{"id":39201,"date":"2026-03-04T14:47:51","date_gmt":"2026-03-04T13:47:51","guid":{"rendered":"https:\/\/www.lksnext.com\/es\/?post_type=noticias_boletin&#038;p=39201"},"modified":"2026-03-04T14:47:51","modified_gmt":"2026-03-04T13:47:51","slug":"aprobado-el-anteproyecto-de-ley-organica-de-integridad-publica","status":"publish","type":"noticias_boletin","link":"https:\/\/www.lksnext.com\/es\/noticias_boletin\/aprobado-el-anteproyecto-de-ley-organica-de-integridad-publica\/","title":{"rendered":"Aprobado el Anteproyecto de Ley Org\u00e1nica de Integridad P\u00fablica"},"content":{"rendered":"<p>El Consejo de ministros ha aprobado el Anteproyecto de Ley Org\u00e1nica de Integridad P\u00fablica, una norma que forma parte del Plan Estatal de Lucha contra la Corrupci\u00f3n y que supone un salto cualitativo en la estrategia para combatir la corrupci\u00f3n pol\u00edtica y econ\u00f3mica en el \u00e1mbito p\u00fablico.<\/p>\n<p>Se trata de un texto con 84 medidas y la modificaci\u00f3n de hasta 18 leyes, seis de ellas org\u00e1nicas, con la que se materializan numerosos compromisos incluidos en ese Plan Estatal impulsado en el verano de 2025.<\/p>\n<p>Este anteproyecto est\u00e1 basado en los cinco grandes ejes de la estructura de la estrategia frente a la corrupci\u00f3n: la prevenci\u00f3n de riesgos y el fortalecimiento de los controles; la investigaci\u00f3n, la acci\u00f3n de la Justicia y las sanciones; sensibilizar a los ciudadanos; la recuperaci\u00f3n de activos y la protecci\u00f3n de los informantes, principios que cuentan con el aval de la OCDE, que ha colaborado en los trabajos para su dise\u00f1o con asesoramiento y apoyo metodol\u00f3gico.<\/p>\n<p>La norma presenta importantes novedades: se crean nuevos organismos (Agencia Independiente de Integridad P\u00fablica), se ampl\u00edan las competencias de otros y se establece una mayor transparencia en determinados \u00e1mbitos como es el de los partidos pol\u00edticos. El anteproyecto aprobado complementa otras iniciativas puestas en marcha como la tipificaci\u00f3n del delito de enriquecimiento il\u00edcito, que no estaba en el C\u00f3digo Penal; la Ley de Protecci\u00f3n del Informante y la Autoridad Independiente para la protecci\u00f3n de personas que denuncian hechos corruptos; o el Plan de Acci\u00f3n por la Democracia, que aporta m\u00e1s transparencia y rendici\u00f3n de cuentas para quienes tienen responsabilidades p\u00fablicas.<\/p>\n","protected":false},"excerpt":{"rendered":"<ul>\n<li>Datos de recaudaci\u00f3n<\/li>\n<li>Acuerdo internacional sobre fiscalidad digital<\/li>\n<li>Hacienda ultima el reglamento del IRPF para adaptar las subidas y las reducciones de planes de pensiones<\/li>\n<li>Administraci\u00f3n Digital Integral (ADI)<\/li>\n<li>Ventas en Gipuzkoa<\/li>\n<li>Medidas en torno al alquiler<\/li>\n<li>Reforma fiscal en torno al autom\u00f3vil<\/li>\n<li>Proyecto de Ley Org\u00e1nica de Protecci\u00f3n de Datos Personales tratados para fines de prevenci\u00f3n, detecci\u00f3n, investigaci\u00f3n y enjuiciamiento de infracciones penales y de ejecuci\u00f3n de sanciones penales<\/li>\n<li>Propuesta de reforma para la Ley Concursal<\/li>\n<li>El Gobierno Central ultima medidas de solvencia y plantea que parte de su coste lo asuma la banca<\/li>\n<li>El Gobierno reformar\u00e1 el marco legal para poder aumentar las ayudas directas a aut\u00f3nomos y empresas<\/li>\n<li>Creaci\u00f3n de una aplicaci\u00f3n para el c\u00e1lculo de los plazos de duraci\u00f3n de un expediente de contrataci\u00f3n administrativa hasta su formalizaci\u00f3n<\/li>\n<li>El Gobierno Vasco impulsa el programa Azpitek para actualizar el equipamiento cient\u00edfico-t\u00e9cnico de las empresas vascas<\/li>\n<li>La ley \u201cRider\u201d dar\u00e1 tres meses a las empresas para dar de alta a sus trabajadores<\/li>\n<li>El incremento salarial medio pactado en convenio comienza el a\u00f1o con un 1,44%<\/li>\n<li>Se aprueba un proyecto de reglamento que permitir\u00eda, utilizar algoritmos a la Inspecci\u00f3n de Trabajo y la Seguridad Social para la detecci\u00f3n del fraude<\/li>\n<li>El desempleo sube en 76.216 personas en enero<\/li>\n<li>El Gobierno negocia la implantaci\u00f3n un proyecto piloto para la jornada laboral de 4 d\u00edas<\/li>\n<li>Enero finaliza con 739.000 trabajadores en ERTE, 35.000 m\u00e1s que en diciembre<\/li>\n<li>Los registradores quieren proteger las grabaciones de audio y video de las Juntas telem\u00e1ticas<\/li>\n<li>Crear una sociedad con solo un Euro de capital social<\/li>\n<\/ul>\n","protected":false},"featured_media":0,"template":"","tipo_articulo":[3191],"ambito_geografico":[],"boletin":[4462],"class_list":["post-39201","noticias_boletin","type-noticias_boletin","status-publish","hentry","tipo_articulo-se-dice-que","boletin-febrero-2026"],"acf":[],"_links":{"self":[{"href":"https:\/\/www.lksnext.com\/es\/wp-json\/wp\/v2\/noticias_boletin\/39201","targetHints":{"allow":["GET"]}}],"collection":[{"href":"https:\/\/www.lksnext.com\/es\/wp-json\/wp\/v2\/noticias_boletin"}],"about":[{"href":"https:\/\/www.lksnext.com\/es\/wp-json\/wp\/v2\/types\/noticias_boletin"}],"wp:attachment":[{"href":"https:\/\/www.lksnext.com\/es\/wp-json\/wp\/v2\/media?parent=39201"}],"wp:term":[{"taxonomy":"tipo_articulo","embeddable":true,"href":"https:\/\/www.lksnext.com\/es\/wp-json\/wp\/v2\/tipo_articulo?post=39201"},{"taxonomy":"ambito_geografico","embeddable":true,"href":"https:\/\/www.lksnext.com\/es\/wp-json\/wp\/v2\/ambito_geografico?post=39201"},{"taxonomy":"boletin","embeddable":true,"href":"https:\/\/www.lksnext.com\/es\/wp-json\/wp\/v2\/boletin?post=39201"}],"curies":[{"name":"wp","href":"https:\/\/api.w.org\/{rel}","templated":true}]}}