{"id":19844,"date":"2022-11-04T10:23:27","date_gmt":"2022-11-04T09:23:27","guid":{"rendered":"https:\/\/www.lksnext.com\/?p=19844"},"modified":"2022-11-07T10:31:24","modified_gmt":"2022-11-07T09:31:24","slug":"lks-next-apoya-al-departamento-de-seguridad-del-gobierno-vasco-en-la-configuracion-del-primer-gran-pacto-social-e-institucional-por-la-seguridad-vial-y-la-movilidad-sostenible","status":"publish","type":"post","link":"https:\/\/www.lksnext.com\/es\/lks-next-apoya-al-departamento-de-seguridad-del-gobierno-vasco-en-la-configuracion-del-primer-gran-pacto-social-e-institucional-por-la-seguridad-vial-y-la-movilidad-sostenible\/","title":{"rendered":"LKS Next apoya al Departamento de Seguridad del GOBIERNO VASCO en la configuraci\u00f3n del primer Gran Pacto Social e Institucional por la Seguridad Vial y la Movilidad Sostenible"},"content":{"rendered":"<p>El Lehendakari,<strong> I\u00f1igo Urkullu,<\/strong> acompa\u00f1ado del Vicelehendakari y Consejero de Seguridad, <strong>Josu Erkoreka<\/strong>, ha presidido, esta ma\u00f1ana, el acto p\u00fablico de adhesi\u00f3n al \u201c<strong>Pacto Vasco por la Seguridad Vial<\/strong>\u201d, un compromiso \u00e9tico entre las primeras 14 entidades, asociaciones e instituciones unidas por este bien com\u00fan: la Seguridad Vial y la movilidad segura, sostenible y eficiente en Euskadi. Es una iniciativa pionera ya que es el primer Pacto de estas caracter\u00edsticas que se firma en el panorama comparado con doble objetivo:<\/p>\n<ul>\n<li>Reducir en un 50%, para el a\u00f1o 2030, con respecto a 2020, el n\u00famero de personas fallecidas y lesionadas graves en las calles y carreteras de Euskadi.<\/li>\n<li>Alcanzar la \u201cVisi\u00f3n Zero\u201d para el a\u00f1o 2050. Esto es, aspirar al ideal de cero v\u00edctimas mortales o heridas graves en las calles y carreteras de Euskadi.<\/li>\n<\/ul>\n<p>El objetivo \u00faltimo es situar a Euskadi como un referente a nivel europeo en cuanto a Seguridad Vial y gesti\u00f3n del tr\u00e1fico, cumpliendo los objetivos globales de reducci\u00f3n del n\u00famero de personas fallecidas y heridas graves.<\/p>\n<p>Adem\u00e1s del Lehendakari, en representaci\u00f3n del Gobierno Vasco, han firmado este Pacto los tres Diputados Generales, los alcaldes de las tres capitales vascas. EUDEL, EITB, la Fiscal\u00eda de Seguridad Vial del Pa\u00eds Vasco, el Consejo de la Juventud de Euskadi, la Federaci\u00f3n Vasca de Ciclismo, Euskofederpen as\u00ed como las principales asociaciones de v\u00edctimas de accidentes de tr\u00e1fico.<\/p>\n<p>De esta forma, se sella una alianza que refleja el compromiso de las instituciones y de la sociedad vasca con la Seguridad Vial, la vida de las personas y el bienestar social. Asimismo, se refuerza la colaboraci\u00f3n interinstitucional y p\u00fablico privada, en la promoci\u00f3n de una movilidad segura, que incentive el transporte p\u00fablico y priorice la protecci\u00f3n de los colectivos m\u00e1s vulnerables: viandantes, ciclistas, motoristas, personas conductoras de veh\u00edculos de movilidad personal, personas con diversidad funcional y menores.<\/p>\n<p><strong>LKS Next<\/strong> ha sido la asistencia t\u00e9cnica que ha dado soporte al Departamento de Seguridad y a la Direcci\u00f3n de Tr\u00e1fico del Gobierno Vasco en el dise\u00f1o de sus dos \u00faltimos <strong>Planes Estrat\u00e9gicos de Seguridad Vial y Movilidad Segura y Sostenible<\/strong>, as\u00ed como en la configuraci\u00f3n del<strong> Pacto Vasco por la Seguridad Vial.<\/strong><\/p>\n<p>En todo caso, el Pacto queda abierto a la adhesi\u00f3n de todos los agentes del sistema, p\u00fablico y privado, que intervienen en el \u00e1mbito de la seguridad vial. Para ello, adem\u00e1s de los 17 compromisos generales, el Pacto trabajar\u00e1 en la concreci\u00f3n de compromisos individuales para cada uno de los agentes adheridos, los cuales ser\u00e1n objeto de seguimiento y evaluaci\u00f3n a trav\u00e9s de un modelo estructurado de gobernanza.<\/p>\n<p>https:\/\/www.irekia.euskadi.eus\/es\/news\/81157-euskadi-firma-primer-gran-pacto-social-institucional-por-seguridad-vial-movilidad-sostenible<\/p>\n<p>&nbsp;<\/p>\n","protected":false},"excerpt":{"rendered":"<p>El Lehendakari, I\u00f1igo Urkullu, acompa\u00f1ado del Vicelehendakari y Consejero de Seguridad, Josu Erkoreka, ha presidido, esta ma\u00f1ana, el acto p\u00fablico de adhesi\u00f3n al \u201cPacto Vasco por la Seguridad Vial\u201d, un compromiso \u00e9tico entre las primeras 14 entidades, asociaciones e instituciones unidas por este bien com\u00fan: la Seguridad Vial y la movilidad segura, sostenible y eficiente [&hellip;]<\/p>\n","protected":false},"author":2,"featured_media":19848,"comment_status":"open","ping_status":"open","sticky":false,"template":"","format":"standard","meta":{"_acf_changed":false,"_et_pb_use_builder":"","_et_pb_old_content":"","_et_gb_content_width":"","inline_featured_image":false,"footnotes":""},"categories":[1,164],"tags":[],"class_list":["post-19844","post","type-post","status-publish","format-standard","has-post-thumbnail","hentry","category-noticias","category-consultoria"],"acf":[],"_links":{"self":[{"href":"https:\/\/www.lksnext.com\/es\/wp-json\/wp\/v2\/posts\/19844","targetHints":{"allow":["GET"]}}],"collection":[{"href":"https:\/\/www.lksnext.com\/es\/wp-json\/wp\/v2\/posts"}],"about":[{"href":"https:\/\/www.lksnext.com\/es\/wp-json\/wp\/v2\/types\/post"}],"author":[{"embeddable":true,"href":"https:\/\/www.lksnext.com\/es\/wp-json\/wp\/v2\/users\/2"}],"replies":[{"embeddable":true,"href":"https:\/\/www.lksnext.com\/es\/wp-json\/wp\/v2\/comments?post=19844"}],"version-history":[{"count":0,"href":"https:\/\/www.lksnext.com\/es\/wp-json\/wp\/v2\/posts\/19844\/revisions"}],"wp:featuredmedia":[{"embeddable":true,"href":"https:\/\/www.lksnext.com\/es\/wp-json\/wp\/v2\/media\/19848"}],"wp:attachment":[{"href":"https:\/\/www.lksnext.com\/es\/wp-json\/wp\/v2\/media?parent=19844"}],"wp:term":[{"taxonomy":"category","embeddable":true,"href":"https:\/\/www.lksnext.com\/es\/wp-json\/wp\/v2\/categories?post=19844"},{"taxonomy":"post_tag","embeddable":true,"href":"https:\/\/www.lksnext.com\/es\/wp-json\/wp\/v2\/tags?post=19844"}],"curies":[{"name":"wp","href":"https:\/\/api.w.org\/{rel}","templated":true}]}}