{"id":29164,"date":"2023-12-20T10:36:30","date_gmt":"2023-12-20T09:36:30","guid":{"rendered":"https:\/\/www.lksnext.com\/?p=29164"},"modified":"2024-01-03T15:46:48","modified_gmt":"2024-01-03T14:46:48","slug":"recordamos-las-principales-modificaciones-normativas-de-2023-en-el-ambito-laboral-y-repasamos-las-novedades-que-nos-esperan-para-2024","status":"publish","type":"post","link":"https:\/\/www.lksnext.com\/es\/recordamos-las-principales-modificaciones-normativas-de-2023-en-el-ambito-laboral-y-repasamos-las-novedades-que-nos-esperan-para-2024\/","title":{"rendered":"Principales modificaciones normativas en materia\u00a0laboral: 2023-2024"},"content":{"rendered":"<p><strong>Webinar <\/strong><br \/>\n<strong>19 de enero 2024<\/strong><br \/>\n<strong>9:30h a 11:00h<\/strong><\/p>\n<p><strong> <a href=\"https:\/\/forms.gle\/s43zqJhBXeF5e6Aq8\" target=\"_blank\" rel=\"noopener\"><img loading=\"lazy\" decoding=\"async\" class=\"wp-image-27526 alignleft\" src=\"https:\/\/www.lksnext.com\/wp-content\/uploads\/2023\/10\/INSCRIBETE-400-\u00d7-100-px-4.png\" alt=\"\" width=\"175\" height=\"35\" srcset=\"https:\/\/www.lksnext.com\/wp-content\/uploads\/2023\/10\/INSCRIBETE-400-\u00d7-100-px-4.png 400w, https:\/\/www.lksnext.com\/wp-content\/uploads\/2023\/10\/INSCRIBETE-400-\u00d7-100-px-4-300x60.png 300w\" sizes=\"(max-width: 175px) 100vw, 175px\" \/><\/a><\/strong><\/p>\n<p>&nbsp;<\/p>\n<p>En esta jornada repasaremos las principales modificaciones legislativa laborales y de Seguridad Social que se han producido en 2023. Ya al inicio del a\u00f1o, el mes de enero, con el Real Decreto Ley 1\/2023 vimos c\u00f3mo se modifica el marco de las bonificaciones e incentivos a la contrataci\u00f3n laboral que hasta ahora conoc\u00edamos.<\/p>\n<p>En febrero se produjeron publicaciones de normas muy importantes con impacto en la gesti\u00f3n de las relaciones laborales:<\/p>\n<ul>\n<li>La publicaci\u00f3n de la ley de protecci\u00f3n de informante y el establecimiento de canales de comunicaci\u00f3n protegidos.<\/li>\n<li>Aunque en 2022 ya se hab\u00edan modificado aspecto de la gesti\u00f3n de las IT, la L.O. 1\/2023, reconoce el derecho a una\u00a0situaci\u00f3n especial de incapacidad temporal (IT)\u00a0por<br \/>\ncontingencias comunes.<\/li>\n<li>La publicaci\u00f3n de la nueva Ley de Empleo.<\/li>\n<li>M\u00e1s novedades en materia de igualdad y no discriminaci\u00f3n LGTBI.<\/li>\n<\/ul>\n<p>Y con la entrada del verano y el anuncio de nuevas elecciones en junio hemos visto c\u00f3mo la transposici\u00f3n de la normativa europea llega a la legislaci\u00f3n laboral con importantes medidas de conciliaci\u00f3n de la vida laboral familiar y, en julio, normativas que visibilizan el final de la crisis sanitaria y desarrollos pendientes de la reforma 2022.<br \/>\nTodo ello, adem\u00e1s de un peque\u00f1o repaso a la experiencia adquirida en las campa\u00f1as de ITSS y un avance de las novedades de pol\u00edtica laboral que se esperan en 2024, son el contenido de esta jornada de cierre del a\u00f1o, as\u00ed como de avance de cuestiones clave para que las empresas puedan anticiparse y planificarse.<\/p>\n<h4 style=\"text-align: center;\"><strong>Ponentes<\/strong><\/h4>\n<p><img loading=\"lazy\" decoding=\"async\" class=\"aligncenter size-large wp-image-29280\" src=\"https:\/\/www.lksnext.com\/wp-content\/uploads\/2023\/12\/Imagen1-1024x304.png\" alt=\"\" width=\"1024\" height=\"304\" srcset=\"https:\/\/www.lksnext.com\/wp-content\/uploads\/2023\/12\/Imagen1-980x291.png 980w, https:\/\/www.lksnext.com\/wp-content\/uploads\/2023\/12\/Imagen1-480x142.png 480w\" sizes=\"(min-width: 0px) and (max-width: 480px) 480px, (min-width: 481px) and (max-width: 980px) 980px, (min-width: 981px) 1024px, 100vw\" \/><\/p>\n<p>&nbsp;<\/p>\n<p><a href=\"https:\/\/forms.gle\/s43zqJhBXeF5e6Aq8\" target=\"_blank\" rel=\"noopener\"><img loading=\"lazy\" decoding=\"async\" class=\"aligncenter wp-image-27526\" src=\"https:\/\/www.lksnext.com\/wp-content\/uploads\/2023\/10\/INSCRIBETE-400-\u00d7-100-px-4.png\" alt=\"\" width=\"255\" height=\"51\" srcset=\"https:\/\/www.lksnext.com\/wp-content\/uploads\/2023\/10\/INSCRIBETE-400-\u00d7-100-px-4.png 400w, https:\/\/www.lksnext.com\/wp-content\/uploads\/2023\/10\/INSCRIBETE-400-\u00d7-100-px-4-300x60.png 300w\" sizes=\"(max-width: 255px) 100vw, 255px\" \/><\/a><\/p>\n","protected":false},"excerpt":{"rendered":"<p>Webinar 19 de enero 2024 9:30h a 11:00h &nbsp; En esta jornada repasaremos las principales modificaciones legislativa laborales y de Seguridad Social que se han producido en 2023. Ya al inicio del a\u00f1o, el mes de enero, con el Real Decreto Ley 1\/2023 vimos c\u00f3mo se modifica el marco de las bonificaciones e incentivos a [&hellip;]<\/p>\n","protected":false},"author":2,"featured_media":29166,"comment_status":"closed","ping_status":"closed","sticky":false,"template":"","format":"standard","meta":{"_acf_changed":false,"_et_pb_use_builder":"","_et_pb_old_content":"","_et_gb_content_width":"","inline_featured_image":false,"footnotes":""},"categories":[165,177],"tags":[],"class_list":["post-29164","post","type-post","status-publish","format-standard","has-post-thumbnail","hentry","category-legal","category-lks-next"],"acf":[],"_links":{"self":[{"href":"https:\/\/www.lksnext.com\/es\/wp-json\/wp\/v2\/posts\/29164","targetHints":{"allow":["GET"]}}],"collection":[{"href":"https:\/\/www.lksnext.com\/es\/wp-json\/wp\/v2\/posts"}],"about":[{"href":"https:\/\/www.lksnext.com\/es\/wp-json\/wp\/v2\/types\/post"}],"author":[{"embeddable":true,"href":"https:\/\/www.lksnext.com\/es\/wp-json\/wp\/v2\/users\/2"}],"replies":[{"embeddable":true,"href":"https:\/\/www.lksnext.com\/es\/wp-json\/wp\/v2\/comments?post=29164"}],"version-history":[{"count":0,"href":"https:\/\/www.lksnext.com\/es\/wp-json\/wp\/v2\/posts\/29164\/revisions"}],"wp:featuredmedia":[{"embeddable":true,"href":"https:\/\/www.lksnext.com\/es\/wp-json\/wp\/v2\/media\/29166"}],"wp:attachment":[{"href":"https:\/\/www.lksnext.com\/es\/wp-json\/wp\/v2\/media?parent=29164"}],"wp:term":[{"taxonomy":"category","embeddable":true,"href":"https:\/\/www.lksnext.com\/es\/wp-json\/wp\/v2\/categories?post=29164"},{"taxonomy":"post_tag","embeddable":true,"href":"https:\/\/www.lksnext.com\/es\/wp-json\/wp\/v2\/tags?post=29164"}],"curies":[{"name":"wp","href":"https:\/\/api.w.org\/{rel}","templated":true}]}}