{"id":35203,"date":"2025-01-28T13:11:05","date_gmt":"2025-01-28T12:11:05","guid":{"rendered":"https:\/\/www.lksnext.com\/?p=35203"},"modified":"2025-01-30T14:37:11","modified_gmt":"2025-01-30T13:37:11","slug":"presentacion-de-la-guia-salarial-de-euskadi-2025","status":"publish","type":"post","link":"https:\/\/www.lksnext.com\/es\/presentacion-de-la-guia-salarial-de-euskadi-2025\/","title":{"rendered":"Presentaci\u00f3n de la Gu\u00eda Salarial de Euskadi 2025"},"content":{"rendered":"<p>Nos complace invitarte, un a\u00f1o m\u00e1s, a la\u00a0Presentaci\u00f3n de la Gu\u00eda Salarial de Euskadi 2025, que se celebrar\u00e1 el pr\u00f3ximo\u00a0<strong>19 de febrero en Bilbao<\/strong><strong>\u00a0Berikuntza Faktoria<\/strong><\/p>\n<p>Tendremos el honor de contar con la apertura institucional a cargo de <strong>D. Alfonso Gurpegui, Viceconsejero de Empleo e Inclusi\u00f3n del Gobierno Vasco<\/strong>, situ\u00e1ndonos en el contexto y los retos para Euskadi sobre la multiculturalidad y el talento en un mundo globalizado y tendr\u00e1 ocasi\u00f3n de actualizarnos sobre las actuaciones del Gobierno en estas materias.<\/p>\n<p>Adem\u00e1s, se celebrar\u00e1 una\u00a0mesa redonda titulada \u00abAtracci\u00f3n del Talento y Multiculturalidad\u00bb, en la que contaremos con la participaci\u00f3n de:<\/p>\n<ul>\n<li><a href=\"https:\/\/www.linkedin.com\/in\/silvia-soto-del-r%C3%ADo\/?lipi=urn%3Ali%3Apage%3Ad_flagship3_detail_base%3BNVONmVFWQImvpAyikfOgyQ%3D%3D\" target=\"_blank\" rel=\"noopener\"><strong>Silvia Soto<\/strong><\/a>, Directora de RRHH de <strong>Vivebiotech<\/strong><\/li>\n<li><a href=\"https:\/\/www.linkedin.com\/in\/javiaguirre\/?lipi=urn%3Ali%3Apage%3Ad_flagship3_detail_base%3BNVONmVFWQImvpAyikfOgyQ%3D%3D\" target=\"_blank\" rel=\"noopener\"><strong>Javier Aguirre<\/strong><\/a>, Director Gerente en<strong> Funsan<\/strong><\/li>\n<li><a href=\"https:\/\/www.linkedin.com\/in\/marta-garin-zamacola-665307b8\/?lipi=urn%3Ali%3Apage%3Ad_flagship3_detail_base%3BNVONmVFWQImvpAyikfOgyQ%3D%3D\" target=\"_blank\" rel=\"noopener\"><strong>Marta Gar\u00edn<\/strong><\/a>, Directora de RRHH de <strong>Altuna y Uria<\/strong><\/li>\n<\/ul>\n<p>Pronto te daremos m\u00e1s detalles sobre la agenda. \u00a1Esperamos contar con tu presencia!<\/p>\n<p style=\"text-align: center;\"><a href=\"https:\/\/insights.lksnext.com\/l\/1049812\/2025-01-21\/27svk\" target=\"_blank\" rel=\"noopener\"><img loading=\"lazy\" decoding=\"async\" class=\"aligncenter size-full wp-image-25258\" src=\"https:\/\/www.lksnext.com\/wp-content\/uploads\/2023\/06\/INSCRIBETE-2.png\" alt=\"\" width=\"196\" height=\"67\" \/><\/a><\/p>\n<p>*Se entregar\u00e1 un ejemplar a cada asistente.<\/p>\n<p><strong>19 de febrero de 2025, de 9:30 a 11:30<br \/>\nBilbao Berikuntza Faktoria<\/strong><br \/>\nUribitarte Kalea, 6, Paseo Uribitarte, 3<br \/>\n48001 Bilbao<\/p>\n","protected":false},"excerpt":{"rendered":"<p>Nos complace invitarte, un a\u00f1o m\u00e1s, a la\u00a0Presentaci\u00f3n de la Gu\u00eda Salarial de Euskadi 2025, que se celebrar\u00e1 el pr\u00f3ximo\u00a019 de febrero en Bilbao\u00a0Berikuntza Faktoria Tendremos el honor de contar con la apertura institucional a cargo de D. Alfonso Gurpegui, Viceconsejero de Empleo e Inclusi\u00f3n del Gobierno Vasco, situ\u00e1ndonos en el contexto y los retos [&hellip;]<\/p>\n","protected":false},"author":2,"featured_media":35204,"comment_status":"closed","ping_status":"closed","sticky":false,"template":"","format":"standard","meta":{"_acf_changed":false,"_et_pb_use_builder":"","_et_pb_old_content":"","_et_gb_content_width":"","inline_featured_image":false,"footnotes":""},"categories":[1],"tags":[],"class_list":["post-35203","post","type-post","status-publish","format-standard","has-post-thumbnail","hentry","category-noticias"],"acf":[],"_links":{"self":[{"href":"https:\/\/www.lksnext.com\/es\/wp-json\/wp\/v2\/posts\/35203","targetHints":{"allow":["GET"]}}],"collection":[{"href":"https:\/\/www.lksnext.com\/es\/wp-json\/wp\/v2\/posts"}],"about":[{"href":"https:\/\/www.lksnext.com\/es\/wp-json\/wp\/v2\/types\/post"}],"author":[{"embeddable":true,"href":"https:\/\/www.lksnext.com\/es\/wp-json\/wp\/v2\/users\/2"}],"replies":[{"embeddable":true,"href":"https:\/\/www.lksnext.com\/es\/wp-json\/wp\/v2\/comments?post=35203"}],"version-history":[{"count":3,"href":"https:\/\/www.lksnext.com\/es\/wp-json\/wp\/v2\/posts\/35203\/revisions"}],"predecessor-version":[{"id":35220,"href":"https:\/\/www.lksnext.com\/es\/wp-json\/wp\/v2\/posts\/35203\/revisions\/35220"}],"wp:featuredmedia":[{"embeddable":true,"href":"https:\/\/www.lksnext.com\/es\/wp-json\/wp\/v2\/media\/35204"}],"wp:attachment":[{"href":"https:\/\/www.lksnext.com\/es\/wp-json\/wp\/v2\/media?parent=35203"}],"wp:term":[{"taxonomy":"category","embeddable":true,"href":"https:\/\/www.lksnext.com\/es\/wp-json\/wp\/v2\/categories?post=35203"},{"taxonomy":"post_tag","embeddable":true,"href":"https:\/\/www.lksnext.com\/es\/wp-json\/wp\/v2\/tags?post=35203"}],"curies":[{"name":"wp","href":"https:\/\/api.w.org\/{rel}","templated":true}]}}