{"id":11818,"date":"2021-07-27T14:55:42","date_gmt":"2021-07-27T12:55:42","guid":{"rendered":"https:\/\/www.lksnext.com\/es\/?post_type=noticias_boletin&#038;p=11818"},"modified":"2021-07-27T14:55:42","modified_gmt":"2021-07-27T12:55:42","slug":"cuando-lo-que-prima-es-la-actividad-productiva-frente-a-la-formativa-debe-calificarse-como-relacion-laboral-comun-y-no-como-beca","status":"publish","type":"noticias_boletin","link":"https:\/\/www.lksnext.com\/eu\/noticias_boletin\/cuando-lo-que-prima-es-la-actividad-productiva-frente-a-la-formativa-debe-calificarse-como-relacion-laboral-comun-y-no-como-beca\/","title":{"rendered":"Cuando lo que prima es la actividad productiva frente a la formativa, debe calificarse como relaci\u00f3n laboral com\u00fan y no como beca"},"content":{"rendered":"<p>Una sentencia del Tribunal Superior de Justicia de Galicia, con fecha de 29 de enero de 2021 considera la relaci\u00f3n de beca entre un alumno y una Administraci\u00f3n P\u00fablica como una relaci\u00f3n laboral com\u00fan y no como una beca de formaci\u00f3n, pues prima la actividad productiva frente a la formativa.<\/p>\n<p>Dicho esto, la sentencia entiende que concurren las notas de laboralidad al haber ajenidad, dependencia y una onerosidad que se manifiesta a trav\u00e9s de la retribuci\u00f3n.<\/p>\n<p>Dicho esto, el TSJ considera que se intenta ocultar un contrato de trabajo bajo la apariencia de una beca. Los elementos m\u00e1s caracter\u00edsticos para alcanzar dicha conclusi\u00f3n fueron las siguientes:<\/p>\n<ul>\n<li>Los becarios realizan tareas de laboratorio con total autonom\u00eda y solos. En el momento de la visita de la Inspecci\u00f3n de Trabajo y de la Seguridad Social no estaba presente ning\u00fan tutor.<\/li>\n<li>El horario realizado es de 8 a 15 horas, coincidente con el del resto del personal laboral y funcionarial.<\/li>\n<li>Aunque los becarios tienen tutores asignados, es normal que los antiguos formen a los nuevos y creen los protocolos cient\u00edficos.<\/li>\n<li>No hay programa formativo, la formaci\u00f3n consiste en realizar las tareas asignadas por la persona responsable del laboratorio.<\/li>\n<\/ul>\n<p>A mayor abundamiento, destaca el TSJ que las bases de la convocatoria de la beca parecen centrarse m\u00e1s en un \u00e1mbito productivo que formativo lo que en ultima instancia lleva a considerar la relaci\u00f3n como laboral en vez de formativa.<\/p>\n","protected":false},"excerpt":{"rendered":"<p>Una sentencia del Tribunal Superior de Justicia de Galicia, con fecha de 29 de enero de 2021 considera la relaci\u00f3n de beca entre un alumno y una Administraci\u00f3n P\u00fablica como una relaci\u00f3n laboral com\u00fan y no como una beca de formaci\u00f3n, pues prima la actividad productiva frente a la formativa. Dicho esto, la sentencia entiende [&hellip;]<\/p>\n","protected":false},"featured_media":0,"template":"","tipo_articulo":[3190],"ambito_geografico":[],"boletin":[4269],"class_list":["post-11818","noticias_boletin","type-noticias_boletin","status-publish","hentry","tipo_articulo-noticias-de-interes","boletin-julio-2021"],"acf":[],"_links":{"self":[{"href":"https:\/\/www.lksnext.com\/eu\/wp-json\/wp\/v2\/noticias_boletin\/11818","targetHints":{"allow":["GET"]}}],"collection":[{"href":"https:\/\/www.lksnext.com\/eu\/wp-json\/wp\/v2\/noticias_boletin"}],"about":[{"href":"https:\/\/www.lksnext.com\/eu\/wp-json\/wp\/v2\/types\/noticias_boletin"}],"wp:attachment":[{"href":"https:\/\/www.lksnext.com\/eu\/wp-json\/wp\/v2\/media?parent=11818"}],"wp:term":[{"taxonomy":"tipo_articulo","embeddable":true,"href":"https:\/\/www.lksnext.com\/eu\/wp-json\/wp\/v2\/tipo_articulo?post=11818"},{"taxonomy":"ambito_geografico","embeddable":true,"href":"https:\/\/www.lksnext.com\/eu\/wp-json\/wp\/v2\/ambito_geografico?post=11818"},{"taxonomy":"boletin","embeddable":true,"href":"https:\/\/www.lksnext.com\/eu\/wp-json\/wp\/v2\/boletin?post=11818"}],"curies":[{"name":"wp","href":"https:\/\/api.w.org\/{rel}","templated":true}]}}