{"id":11822,"date":"2021-07-27T14:55:41","date_gmt":"2021-07-27T12:55:41","guid":{"rendered":"https:\/\/www.lksnext.com\/es\/?post_type=noticias_boletin&#038;p=11822"},"modified":"2021-07-27T14:55:41","modified_gmt":"2021-07-27T12:55:41","slug":"el-tribunal-superior-de-justicia-del-pais-vasco-anula-el-despido-colectivo-de-un-grupo-de-empresas","status":"publish","type":"noticias_boletin","link":"https:\/\/www.lksnext.com\/eu\/noticias_boletin\/el-tribunal-superior-de-justicia-del-pais-vasco-anula-el-despido-colectivo-de-un-grupo-de-empresas\/","title":{"rendered":"El Tribunal Superior de Justicia del Pa\u00eds Vasco anula el despido colectivo de un grupo de empresas"},"content":{"rendered":"<p>El 6 de julio de 2021 la Sala de lo Social del Tribunal Superior de Justicia del Pa\u00eds Vasco ha declarado nulo el procedimiento de despido colectivo presentado por la direcci\u00f3n de un grupo de empresas en las plantas de Llodio y Amurrio, que afecta a 129 personas con 95 rescisiones de contrato, 12 prejubilaciones y 22 bajas incentivadas.<\/p>\n<p>En el a\u00f1o 2020 la empresa inst\u00f3 dos expedientes de regulaci\u00f3n temporal de empleo por causas productivas (ERTES suspensivo) al amparo del art\u00edculo 23 del Real Decreto Ley 9\/2020, de 27 de marzo, por el que se adoptan medidas complementarias, en el \u00e1mbito laboral para paliar los efectos derivados del Covid-19. Posteriormente, en febrero del a\u00f1o 2021, \u00e9sta inici\u00f3 simult\u00e1neamente otro ERTE, teniendo como causa directa el impacto del Covid 19, y un expediente de regulaci\u00f3n de empleo (ERE) por causas productivas, organizativas y econ\u00f3micas.<\/p>\n<p>El Tribunal Superior de Justicia ha considerado que el despido colectivo de las plantas de Llodio y Amurrio est\u00e1 estrechamente conectado con la pandemia por Covid-19. De forma que, la consecuencia legalmente prevista, a la vista de lo contenido en el Real Decreto Ley 9\/2020, de 27 de marzo, es la de la nulidad de la decisi\u00f3n empresarial condenando a la mercantil a readmitir a los trabajadores.<\/p>\n","protected":false},"excerpt":{"rendered":"<p>El 6 de julio de 2021 la Sala de lo Social del Tribunal Superior de Justicia del Pa\u00eds Vasco ha declarado nulo el procedimiento de despido colectivo presentado por la direcci\u00f3n de un grupo de empresas en las plantas de Llodio y Amurrio, que afecta a 129 personas con 95 rescisiones de contrato, 12 prejubilaciones [&hellip;]<\/p>\n","protected":false},"featured_media":0,"template":"","tipo_articulo":[3190],"ambito_geografico":[],"boletin":[4269],"class_list":["post-11822","noticias_boletin","type-noticias_boletin","status-publish","hentry","tipo_articulo-noticias-de-interes","boletin-julio-2021"],"acf":[],"_links":{"self":[{"href":"https:\/\/www.lksnext.com\/eu\/wp-json\/wp\/v2\/noticias_boletin\/11822","targetHints":{"allow":["GET"]}}],"collection":[{"href":"https:\/\/www.lksnext.com\/eu\/wp-json\/wp\/v2\/noticias_boletin"}],"about":[{"href":"https:\/\/www.lksnext.com\/eu\/wp-json\/wp\/v2\/types\/noticias_boletin"}],"wp:attachment":[{"href":"https:\/\/www.lksnext.com\/eu\/wp-json\/wp\/v2\/media?parent=11822"}],"wp:term":[{"taxonomy":"tipo_articulo","embeddable":true,"href":"https:\/\/www.lksnext.com\/eu\/wp-json\/wp\/v2\/tipo_articulo?post=11822"},{"taxonomy":"ambito_geografico","embeddable":true,"href":"https:\/\/www.lksnext.com\/eu\/wp-json\/wp\/v2\/ambito_geografico?post=11822"},{"taxonomy":"boletin","embeddable":true,"href":"https:\/\/www.lksnext.com\/eu\/wp-json\/wp\/v2\/boletin?post=11822"}],"curies":[{"name":"wp","href":"https:\/\/api.w.org\/{rel}","templated":true}]}}